{"id":20974,"date":"2026-01-23T18:59:16","date_gmt":"2026-01-23T21:59:16","guid":{"rendered":"https:\/\/www.noticiasmas.com.ar\/?p=20974"},"modified":"2026-01-23T18:59:21","modified_gmt":"2026-01-23T21:59:21","slug":"laboratorio-artistico-en-la-escuela-de-verano-de-fray-luis-beltran","status":"publish","type":"post","link":"https:\/\/www.noticiasmas.com.ar\/index.php\/2026\/01\/23\/laboratorio-artistico-en-la-escuela-de-verano-de-fray-luis-beltran\/","title":{"rendered":"Laboratorio art\u00edstico en la Escuela de Verano de Fray Luis Beltr\u00e1n"},"content":{"rendered":"\n<p>En la ma\u00f1ana de hoy, se desarroll\u00f3 una actividad en la Escuela de Verano que se desarrolla en el Camping Municipal, en el marco del programa que se lleva adelante a trav\u00e9s del Gobierno de la Provincia de Santa Fe, en articulaci\u00f3n con la Municipalidad de Fray Luis Beltr\u00e1n.<\/p>\n\n\n\n<p>En esta oportunidad, se realiz\u00f3 el taller \u201cLaboratorio art\u00edstico: una ruta metodol\u00f3gica que combina arte, cuerpo y juego\u201d, una propuesta de Comunidades Creativas del Ministerio de Educaci\u00f3n de la Provincia de Santa Fe, a cargo de Luz Bangnasco.<\/p>\n\n\n\n<p>La jornada ofreci\u00f3 a ni\u00f1as y ni\u00f1os un espacio de expresi\u00f3n, movimiento y creatividad, promoviendo el aprendizaje a trav\u00e9s del arte y el juego, en un entorno de disfrute y participaci\u00f3n.<\/p>\n","protected":false},"excerpt":{"rendered":"<p>En la ma\u00f1ana de hoy, se desarroll\u00f3 una actividad en la Escuela de Verano que se desarrolla en el Camping Municipal, en el marco del programa que se lleva adelante a trav\u00e9s del Gobierno de la Provincia de Santa Fe, en articulaci\u00f3n con la Municipalidad de Fray Luis Beltr\u00e1n. En esta oportunidad, se realiz\u00f3 el [&hellip;]<\/p>\n","protected":false},"author":5,"featured_media":20975,"comment_status":"closed","ping_status":"open","sticky":false,"template":"","format":"standard","meta":{"tdm_status":"","tdm_grid_status":"","footnotes":""},"categories":[13],"tags":[3547,869,335,6363,2883],"class_list":{"0":"post-20974","1":"post","2":"type-post","3":"status-publish","4":"format-standard","5":"has-post-thumbnail","7":"category-region","8":"tag-camping-municipal","9":"tag-escuela-de-verano","10":"tag-fray-luis-beltran","11":"tag-laboratorio-artistico","12":"tag-taller"},"_links":{"self":[{"href":"https:\/\/www.noticiasmas.com.ar\/index.php\/wp-json\/wp\/v2\/posts\/20974","targetHints":{"allow":["GET"]}}],"collection":[{"href":"https:\/\/www.noticiasmas.com.ar\/index.php\/wp-json\/wp\/v2\/posts"}],"about":[{"href":"https:\/\/www.noticiasmas.com.ar\/index.php\/wp-json\/wp\/v2\/types\/post"}],"author":[{"embeddable":true,"href":"https:\/\/www.noticiasmas.com.ar\/index.php\/wp-json\/wp\/v2\/users\/5"}],"replies":[{"embeddable":true,"href":"https:\/\/www.noticiasmas.com.ar\/index.php\/wp-json\/wp\/v2\/comments?post=20974"}],"version-history":[{"count":1,"href":"https:\/\/www.noticiasmas.com.ar\/index.php\/wp-json\/wp\/v2\/posts\/20974\/revisions"}],"predecessor-version":[{"id":20976,"href":"https:\/\/www.noticiasmas.com.ar\/index.php\/wp-json\/wp\/v2\/posts\/20974\/revisions\/20976"}],"wp:featuredmedia":[{"embeddable":true,"href":"https:\/\/www.noticiasmas.com.ar\/index.php\/wp-json\/wp\/v2\/media\/20975"}],"wp:attachment":[{"href":"https:\/\/www.noticiasmas.com.ar\/index.php\/wp-json\/wp\/v2\/media?parent=20974"}],"wp:term":[{"taxonomy":"category","embeddable":true,"href":"https:\/\/www.noticiasmas.com.ar\/index.php\/wp-json\/wp\/v2\/categories?post=20974"},{"taxonomy":"post_tag","embeddable":true,"href":"https:\/\/www.noticiasmas.com.ar\/index.php\/wp-json\/wp\/v2\/tags?post=20974"}],"curies":[{"name":"wp","href":"https:\/\/api.w.org\/{rel}","templated":true}]}}