{"id":20992,"date":"2026-01-26T08:54:01","date_gmt":"2026-01-26T11:54:01","guid":{"rendered":"https:\/\/www.noticiasmas.com.ar\/?p=20992"},"modified":"2026-01-26T08:54:07","modified_gmt":"2026-01-26T11:54:07","slug":"el-gobierno-busca-avanzar-con-la-reforma-del-codigo-penal-para-bajar-la-edad-de-imputabilidad","status":"publish","type":"post","link":"https:\/\/www.noticiasmas.com.ar\/index.php\/2026\/01\/26\/el-gobierno-busca-avanzar-con-la-reforma-del-codigo-penal-para-bajar-la-edad-de-imputabilidad\/","title":{"rendered":"El gobierno busca avanzar con la reforma del C\u00f3digo Penal para bajar la edad de imputabilidad"},"content":{"rendered":"\n<p>El presidente de la C\u00e1mara de Diputados,&nbsp;<strong>Mart\u00edn Menem<\/strong>, confirm\u00f3 este s\u00e1bado que la administraci\u00f3n de&nbsp;<strong>Javier Milei<\/strong>&nbsp;impulsar\u00e1 la baja de la edad de imputabilidad durante el transcurso de este a\u00f1o, como parte de la Reforma del C\u00f3digo Penal, al mencionar el caso del crimen de&nbsp;<strong>Jerem\u00edas Monz\u00f3n<\/strong>, el joven asesinado a pu\u00f1aladas por menores.<\/p>\n\n\n\n<p>Menem se\u00f1al\u00f3 que esta decisi\u00f3n pol\u00edtica responde a \u201cun mandato claro\u201d expresado por la ciudadan\u00eda en las urnas y ratific\u00f3 la postura de \u201ctolerancia cero\u201d ante el delito que sostiene el oficialismo. \u201d<\/p>\n\n\n\n<p>Los argentinos nos dieron un mandato claro: enfrentar los temas de fondo con decisi\u00f3n\u201d, expres\u00f3 al justificar la urgencia de la medida en el marco de la agenda legislativa de La Libertad Avanza (LLA).<\/p>\n\n\n\n<p>A trav\u00e9s de un mensaje publicado en su cuenta de X, el titular de la C\u00e1mara baja sostuvo que la reforma es necesaria para garantizar que \u201cel que las hace, las paga\u201d, reafirmando uno de los pilares discursivos del Gobierno nacional en materia de seguridad.<\/p>\n\n\n\n<p>Seg\u00fan Menem, la iniciativa no admite \u201cmedias tintas\u201d y busca transformar el sistema penal juvenil para adaptarlo a las demandas actuales de la sociedad argentina.<\/p>\n\n\n\n<p>\u201cEn 2026 vamos a avanzar con la baja de la edad de imputabilidad en la Reforma del C\u00f3digo Penal. Tenemos clara nuestra posici\u00f3n\u201d, concluy\u00f3 el referente riojano, anticipando que el proyecto ser\u00e1 uno de los ejes centrales del debate parlamentario en los pr\u00f3ximos meses.<\/p>\n\n\n\n<p><\/p>\n","protected":false},"excerpt":{"rendered":"<p>El presidente de la C\u00e1mara de Diputados,&nbsp;Mart\u00edn Menem, confirm\u00f3 este s\u00e1bado que la administraci\u00f3n de&nbsp;Javier Milei&nbsp;impulsar\u00e1 la baja de la edad de imputabilidad durante el transcurso de este a\u00f1o, como parte de la Reforma del C\u00f3digo Penal, al mencionar el caso del crimen de&nbsp;Jerem\u00edas Monz\u00f3n, el joven asesinado a pu\u00f1aladas por menores. Menem se\u00f1al\u00f3 que [&hellip;]<\/p>\n","protected":false},"author":9,"featured_media":20993,"comment_status":"closed","ping_status":"open","sticky":false,"template":"","format":"standard","meta":{"tdm_status":"","tdm_grid_status":"","footnotes":""},"categories":[1],"tags":[1064,4415],"class_list":{"0":"post-20992","1":"post","2":"type-post","3":"status-publish","4":"format-standard","5":"has-post-thumbnail","7":"category-nacionales","8":"tag-diputados","9":"tag-edad-imputabilidad"},"_links":{"self":[{"href":"https:\/\/www.noticiasmas.com.ar\/index.php\/wp-json\/wp\/v2\/posts\/20992","targetHints":{"allow":["GET"]}}],"collection":[{"href":"https:\/\/www.noticiasmas.com.ar\/index.php\/wp-json\/wp\/v2\/posts"}],"about":[{"href":"https:\/\/www.noticiasmas.com.ar\/index.php\/wp-json\/wp\/v2\/types\/post"}],"author":[{"embeddable":true,"href":"https:\/\/www.noticiasmas.com.ar\/index.php\/wp-json\/wp\/v2\/users\/9"}],"replies":[{"embeddable":true,"href":"https:\/\/www.noticiasmas.com.ar\/index.php\/wp-json\/wp\/v2\/comments?post=20992"}],"version-history":[{"count":1,"href":"https:\/\/www.noticiasmas.com.ar\/index.php\/wp-json\/wp\/v2\/posts\/20992\/revisions"}],"predecessor-version":[{"id":20994,"href":"https:\/\/www.noticiasmas.com.ar\/index.php\/wp-json\/wp\/v2\/posts\/20992\/revisions\/20994"}],"wp:featuredmedia":[{"embeddable":true,"href":"https:\/\/www.noticiasmas.com.ar\/index.php\/wp-json\/wp\/v2\/media\/20993"}],"wp:attachment":[{"href":"https:\/\/www.noticiasmas.com.ar\/index.php\/wp-json\/wp\/v2\/media?parent=20992"}],"wp:term":[{"taxonomy":"category","embeddable":true,"href":"https:\/\/www.noticiasmas.com.ar\/index.php\/wp-json\/wp\/v2\/categories?post=20992"},{"taxonomy":"post_tag","embeddable":true,"href":"https:\/\/www.noticiasmas.com.ar\/index.php\/wp-json\/wp\/v2\/tags?post=20992"}],"curies":[{"name":"wp","href":"https:\/\/api.w.org\/{rel}","templated":true}]}}