{"id":20995,"date":"2026-01-26T09:13:24","date_gmt":"2026-01-26T12:13:24","guid":{"rendered":"https:\/\/www.noticiasmas.com.ar\/?p=20995"},"modified":"2026-01-26T09:13:28","modified_gmt":"2026-01-26T12:13:28","slug":"menos-del-05-de-los-llamados-de-alarmas-al-911-son-por-un-delito","status":"publish","type":"post","link":"https:\/\/www.noticiasmas.com.ar\/index.php\/2026\/01\/26\/menos-del-05-de-los-llamados-de-alarmas-al-911-son-por-un-delito\/","title":{"rendered":"Menos del 0,5% de los llamados de alarmas al 911 son por un delito"},"content":{"rendered":"\n<p>Las alarmas privadas volvieron a quedar en el centro del debate en la provincia de Santa Fe debido al fuerte impacto que generan sobre el sistema de emergencias 911, al punto de consumir recursos destinados a la atenci\u00f3n de situaciones reales. <\/p>\n\n\n\n<p>Solo en la ciudad de Rosario, entre el 1 de enero y el 14 de diciembre de 2025, se registraron 103.910 llamados provenientes de empresas de monitoreo, de los cuales apenas 358 derivaron en alguna novedad confirmada.<\/p>\n\n\n\n<p>La estad\u00edstica revela que menos del 0,35 por ciento de los avisos activados por alarmas privadas motivaron una intervenci\u00f3n efectiva, una tendencia que comenz\u00f3 a evidenciarse con fuerza en enero de 2025 y se sostuvo durante todo el a\u00f1o. Este escenario encendi\u00f3 las alarmas dentro del Gobierno provincial, que impulsa una ley espec\u00edfica para regular el sector y proteger el funcionamiento del sistema de emergencias.<\/p>\n\n\n\n<p>Cada alerta recibida por el 911 implica, como m\u00ednimo, unos 20 minutos de intervenci\u00f3n y la participaci\u00f3n de dos efectivos policiales. En menos de un a\u00f1o, esta din\u00e1mica represent\u00f3 para el Estado un costo superior a los 500 millones de pesos en horas hombre, con la participaci\u00f3n de m\u00e1s de 200.000 efectivos, m\u00e1s de 34.600 horas de patrullaje, equivalentes a casi cuatro a\u00f1os de m\u00f3viles policiales en la calle, y un total de 69.273 horas de trabajo policial que, en su mayor\u00eda, no derivaron en la constataci\u00f3n de delitos ni en emergencias reales.<\/p>\n\n\n\n<p>Desde el Ejecutivo provincial aclararon que la iniciativa legislativa no busca desalentar la actividad de las empresas de monitoreo, sino establecer reglas claras de funcionamiento y exigir mayores niveles de responsabilidad. El objetivo es ordenar un escenario que, adem\u00e1s de sobrecargar al sistema 911, favorece pr\u00e1cticas irregulares y genera competencia desleal dentro del sector.<\/p>\n\n\n\n<p>Si bien reconocen que existen situaciones que no pueden verificarse en el momento y luego resultan efectivas, las autoridades advierten que una parte significativa de los llamados responde a contingencias dom\u00e9sticas, errores humanos o fallas t\u00e9cnicas de los sistemas de alarma, y no a intentos de robo u otros hechos delictivos. En ese contexto, sostienen que la regulaci\u00f3n se vuelve clave para garantizar que los recursos p\u00fablicos est\u00e9n disponibles cuando verdaderamente se los necesita.<\/p>\n","protected":false},"excerpt":{"rendered":"<p>Las alarmas privadas volvieron a quedar en el centro del debate en la provincia de Santa Fe debido al fuerte impacto que generan sobre el sistema de emergencias 911, al punto de consumir recursos destinados a la atenci\u00f3n de situaciones reales. Solo en la ciudad de Rosario, entre el 1 de enero y el 14 [&hellip;]<\/p>\n","protected":false},"author":9,"featured_media":20996,"comment_status":"closed","ping_status":"open","sticky":false,"template":"","format":"standard","meta":{"tdm_status":"","tdm_grid_status":"","footnotes":""},"categories":[1],"tags":[6371,2026,163],"class_list":{"0":"post-20995","1":"post","2":"type-post","3":"status-publish","4":"format-standard","5":"has-post-thumbnail","7":"category-nacionales","8":"tag-alarmas","9":"tag-estadisticas","10":"tag-rosario"},"_links":{"self":[{"href":"https:\/\/www.noticiasmas.com.ar\/index.php\/wp-json\/wp\/v2\/posts\/20995","targetHints":{"allow":["GET"]}}],"collection":[{"href":"https:\/\/www.noticiasmas.com.ar\/index.php\/wp-json\/wp\/v2\/posts"}],"about":[{"href":"https:\/\/www.noticiasmas.com.ar\/index.php\/wp-json\/wp\/v2\/types\/post"}],"author":[{"embeddable":true,"href":"https:\/\/www.noticiasmas.com.ar\/index.php\/wp-json\/wp\/v2\/users\/9"}],"replies":[{"embeddable":true,"href":"https:\/\/www.noticiasmas.com.ar\/index.php\/wp-json\/wp\/v2\/comments?post=20995"}],"version-history":[{"count":1,"href":"https:\/\/www.noticiasmas.com.ar\/index.php\/wp-json\/wp\/v2\/posts\/20995\/revisions"}],"predecessor-version":[{"id":20997,"href":"https:\/\/www.noticiasmas.com.ar\/index.php\/wp-json\/wp\/v2\/posts\/20995\/revisions\/20997"}],"wp:featuredmedia":[{"embeddable":true,"href":"https:\/\/www.noticiasmas.com.ar\/index.php\/wp-json\/wp\/v2\/media\/20996"}],"wp:attachment":[{"href":"https:\/\/www.noticiasmas.com.ar\/index.php\/wp-json\/wp\/v2\/media?parent=20995"}],"wp:term":[{"taxonomy":"category","embeddable":true,"href":"https:\/\/www.noticiasmas.com.ar\/index.php\/wp-json\/wp\/v2\/categories?post=20995"},{"taxonomy":"post_tag","embeddable":true,"href":"https:\/\/www.noticiasmas.com.ar\/index.php\/wp-json\/wp\/v2\/tags?post=20995"}],"curies":[{"name":"wp","href":"https:\/\/api.w.org\/{rel}","templated":true}]}}