{"id":21006,"date":"2026-01-26T18:55:05","date_gmt":"2026-01-26T21:55:05","guid":{"rendered":"https:\/\/www.noticiasmas.com.ar\/?p=21006"},"modified":"2026-01-26T18:55:10","modified_gmt":"2026-01-26T21:55:10","slug":"piden-datos-al-gobierno-provincial-de-la-licitacion-del-sistema-de-videovigilancia-publica-de-origen-israeli","status":"publish","type":"post","link":"https:\/\/www.noticiasmas.com.ar\/index.php\/2026\/01\/26\/piden-datos-al-gobierno-provincial-de-la-licitacion-del-sistema-de-videovigilancia-publica-de-origen-israeli\/","title":{"rendered":"PIDEN DATOS AL GOBIERNO PROVINCIAL DE LA LICITACI\u00d3N DEL SISTEMA DE VIDEOVIGILANCIA PUBLICA DE ORIGEN ISRAELI"},"content":{"rendered":"\n<p>En este comienzo del a\u00f1o 2026 se meti\u00f3 en la agenda parlamentaria santafesina un tema muy sensible para los ciudadanos como es la seguridad p\u00fablica.<\/p>\n\n\n\n<p>En ese marco, el diputado Carlos del Frade ingres\u00f3 un expediente para su tratamiento donde pide al Ejecutivo provincial informe en relaci\u00f3n al \u201cSistema de Videovigilancia con Inteligencia Artificial\u201d Lince, de origen israel\u00ed a trav\u00e9s de BriefCam.<\/p>\n\n\n\n<p>Seg\u00fan detall\u00f3 el diputado del Frente Amplio por la Soberan\u00eda, dicho sistema fue adquirido por medio de la licitaci\u00f3n acelerada n\u00famero 5 de 2024.<\/p>\n\n\n\n<p>Al respecto, Del Frade quiere saber qui\u00e9nes fueron los gestores argentinos del mismo y qu\u00e9 grado de relaci\u00f3n presente y futura entra\u00f1a entre la administraci\u00f3n santafesina y las empresas de seguridad vinculadas al gobierno de Israel.<\/p>\n\n\n\n<p>En tal marco, en la iniciativa del Del Frade aparecen datos sobre que el gobierno provincial inform\u00f3 la instalaci\u00f3n del llamado sistema Lince, el sistema de videovigilancia con inteligencia artificial adquirido por la administraci\u00f3n a trav\u00e9s de la licitaci\u00f3n acelerada n\u00famero 5 del a\u00f1o 2024, autorizada en el contexto de la ley de emergencia en seguridad 14.237.<\/p>\n\n\n\n<p>El sistema es suministrado por una empresa de origen israel\u00ed, BriefCam, fundada por investigadores de la Universidad Hebrea de Jerusal\u00e9n, actualmente subsidiaria de Canon Inc.<\/p>\n\n\n\n<p>El contratista principal responsable del despliegue, integraci\u00f3n y mantenimiento es NEC Argentina S.A., que se adjudic\u00f3 el contrato tras un proceso de licitaci\u00f3n \u201ccompetitivo pero expedito en el que su principal rival, Telecom Argentina S.A., fue descalificado t\u00e9cnicamente\u201d, puntualiz\u00f3 Del Frade .<\/p>\n\n\n\n<p>El paquete total de inversi\u00f3n para la modernizaci\u00f3n de la seguridad provincial se cita p\u00fablicamente en USD 84.000.000. El contrato espec\u00edfico para la &#8220;Nueva Arquitectura de Videovigilancia&#8221; adjudicado a NEC Argentina S.A. est\u00e1 valorado en aproximadamente USD 68.794.886,90 (combinando hardware, licencias de software y gastos operativos).<\/p>\n\n\n\n<p>Asimismo, &#8211; se lee en el proyecto del diputado que, \u201cla contrataci\u00f3n eludi\u00f3 los plazos est\u00e1ndar de licitaci\u00f3n invocando el Decreto N\u00b0 2642\/25, firmado el 23 de octubre de 2025\u201d. Este decreto cre\u00f3 formalmente la Unidad de Gesti\u00f3n LINCE y autoriz\u00f3 el uso de procedimientos de &#8220;Licitaci\u00f3n Acelerada&#8221;.<\/p>\n\n\n\n<p>QUE CONTEMPLA EL SISTEMA<\/p>\n\n\n\n<p>El proyecto contempla el despliegue de 5.050 nuevas c\u00e1maras inteligentes, la actualizaci\u00f3n de aproximadamente 1.400 unidades municipales existentes y la construcci\u00f3n de un troncal de fibra \u00f3ptica de 80 kil\u00f3metros en el Gran Rosario.<\/p>\n\n\n\n<p>El sistema introduce la &#8220;Sinopsis de Video&#8221; (revisi\u00f3n de horas de grabaci\u00f3n en minutos), un Anillo Digital para Reconocimiento de Patentes (LPR) y capacidades forenses de reconocimiento facial, cambiando la doctrina de seguridad de la provincia de una investigaci\u00f3n reactiva a una interceptaci\u00f3n predictiva en tiempo real.<\/p>\n\n\n\n<p>La creaci\u00f3n de la Unidad de Gesti\u00f3n LINCE \u201csignifica un cambio profundo en la gobernanza de la seguridad p\u00fablica en Santa Fe\u201d, consider\u00f3 Del Frade, \u201cal colocar el cerebro del aparato de vigilancia bajo la Secretar\u00eda de Tecnolog\u00edas para la Gesti\u00f3n (STG)\u201d, plante\u00f3 .<\/p>\n\n\n\n<p>Esta doctrina de &#8220;Territorio 5.0&#8221; \u2013 seg\u00fan detall\u00f3 el diputado \u2013 \u201c\u201dbusca crear un ecosistema de seguridad basado en datos donde las alertas algor\u00edtmicas activen respuestas policiales, intentando supuestamente reducir el margen de error humano o corrupci\u00f3n dentro de la fuerza.<\/p>\n\n\n\n<p>Para Del Frade: \u201cPareciera que la administraci\u00f3n Pullaro busca emular los modelos de &#8220;Safe City&#8221; de Tel Aviv. Santa Fe ya utiliza Cellebrite (otra firma israel\u00ed) para forense m\u00f3vil, creando un &#8220;stack de inteligencia&#8221; integral\u201d.<\/p>\n\n\n\n<p>En tanto, el legislador apunt\u00f3 que organizaciones civiles (como Al Sur) \u201chan expresado su preocupaci\u00f3n por la falta de debate p\u00fablico sobre la privacidad y el potencial de vigilancia masiva\u201d.<\/p>\n\n\n\n<p>\u201cPor eso es fundamental saber qu\u00e9 tipo de dependencia econ\u00f3mica pol\u00edtica tiene o tendr\u00e1 el gobierno provincial del estado israel\u00ed y, por otro lado, qui\u00e9nes fueron los gestores nacionales de estos grupos internacionales\u201d, complet\u00f3.<\/p>\n","protected":false},"excerpt":{"rendered":"<p>En este comienzo del a\u00f1o 2026 se meti\u00f3 en la agenda parlamentaria santafesina un tema muy sensible para los ciudadanos como es la seguridad p\u00fablica. En ese marco, el diputado Carlos del Frade ingres\u00f3 un expediente para su tratamiento donde pide al Ejecutivo provincial informe en relaci\u00f3n al \u201cSistema de Videovigilancia con Inteligencia Artificial\u201d Lince, [&hellip;]<\/p>\n","protected":false},"author":5,"featured_media":21007,"comment_status":"closed","ping_status":"open","sticky":false,"template":"","format":"standard","meta":{"tdm_status":"","tdm_grid_status":"","footnotes":""},"categories":[14],"tags":[994,1064,1529,2808,18,6372],"class_list":{"0":"post-21006","1":"post","2":"type-post","3":"status-publish","4":"format-standard","5":"has-post-thumbnail","7":"category-provinciales","8":"tag-carlos-del-frade","9":"tag-diputados","10":"tag-israel","11":"tag-pedido-de-informe","12":"tag-santa-fe","13":"tag-sistema-videovigilancia"},"_links":{"self":[{"href":"https:\/\/www.noticiasmas.com.ar\/index.php\/wp-json\/wp\/v2\/posts\/21006","targetHints":{"allow":["GET"]}}],"collection":[{"href":"https:\/\/www.noticiasmas.com.ar\/index.php\/wp-json\/wp\/v2\/posts"}],"about":[{"href":"https:\/\/www.noticiasmas.com.ar\/index.php\/wp-json\/wp\/v2\/types\/post"}],"author":[{"embeddable":true,"href":"https:\/\/www.noticiasmas.com.ar\/index.php\/wp-json\/wp\/v2\/users\/5"}],"replies":[{"embeddable":true,"href":"https:\/\/www.noticiasmas.com.ar\/index.php\/wp-json\/wp\/v2\/comments?post=21006"}],"version-history":[{"count":1,"href":"https:\/\/www.noticiasmas.com.ar\/index.php\/wp-json\/wp\/v2\/posts\/21006\/revisions"}],"predecessor-version":[{"id":21008,"href":"https:\/\/www.noticiasmas.com.ar\/index.php\/wp-json\/wp\/v2\/posts\/21006\/revisions\/21008"}],"wp:featuredmedia":[{"embeddable":true,"href":"https:\/\/www.noticiasmas.com.ar\/index.php\/wp-json\/wp\/v2\/media\/21007"}],"wp:attachment":[{"href":"https:\/\/www.noticiasmas.com.ar\/index.php\/wp-json\/wp\/v2\/media?parent=21006"}],"wp:term":[{"taxonomy":"category","embeddable":true,"href":"https:\/\/www.noticiasmas.com.ar\/index.php\/wp-json\/wp\/v2\/categories?post=21006"},{"taxonomy":"post_tag","embeddable":true,"href":"https:\/\/www.noticiasmas.com.ar\/index.php\/wp-json\/wp\/v2\/tags?post=21006"}],"curies":[{"name":"wp","href":"https:\/\/api.w.org\/{rel}","templated":true}]}}