{"id":21012,"date":"2026-01-26T19:09:46","date_gmt":"2026-01-26T22:09:46","guid":{"rendered":"https:\/\/www.noticiasmas.com.ar\/?p=21012"},"modified":"2026-01-26T19:09:50","modified_gmt":"2026-01-26T22:09:50","slug":"granadero-baigorria-vive-la-ultima-semana-de-una-colonia-historica-integracion-gratuidad-y-gestion-compartida","status":"publish","type":"post","link":"https:\/\/www.noticiasmas.com.ar\/index.php\/2026\/01\/26\/granadero-baigorria-vive-la-ultima-semana-de-una-colonia-historica-integracion-gratuidad-y-gestion-compartida\/","title":{"rendered":"Granadero Baigorria vive la \u00faltima semana de una Colonia hist\u00f3rica: integraci\u00f3n, gratuidad y gesti\u00f3n compartida"},"content":{"rendered":"\n<p>La Escuela de Vacaciones del Camping Municipal entra en su recta final. Este viernes 30 de enero ser\u00e1 la jornada de cierre de una temporada que quedar\u00e1 marcada por el trabajo conjunto entre la Municipalidad de Granadero Baigorria y el Gobierno de la Provincia de Santa Fe, una alianza estrat\u00e9gica que permiti\u00f3 que cientos de vecinos accedieran a actividades de calidad de manera totalmente gratuita.<\/p>\n\n\n\n<p>La convocatoria de este a\u00f1o reafirm\u00f3 el compromiso de la gesti\u00f3n local con la inclusi\u00f3n. No se trat\u00f3 solo de un espacio para la infancia, sino de un verdadero punto de encuentro para la comunidad de Baigorria: m\u00e1s de 400 ni\u00f1os y ni\u00f1as disfrutaron de actividades recreativas y pedag\u00f3gicas, el grupo &#8220;Aprendiendo&#8221;, destinado a personas con discapacidad, garantiz\u00f3 el derecho a la recreaci\u00f3n adaptada y profesional, los adolescentes y los adultos de la tercera edad tambi\u00e9n fueron protagonistas, con propuestas dise\u00f1adas espec\u00edficamente para sus necesidades e integraci\u00f3n.<\/p>\n\n\n\n<p>Lograr que una estructura de esta magnitud funcione sin costo para las familias requiere de una gesti\u00f3n pol\u00edtica activa. En ese sentido, el intendente Adri\u00e1n Maglia destac\u00f3 que este logro es fruto de un esfuerzo compartido: &#8220;Hacer que la Colonia sea gratuita es una decisi\u00f3n pol\u00edtica. Junto a la Provincia, logramos optimizar los recursos para que cada vecino de Baigorria, sin importar su edad o condici\u00f3n, sienta que el Estado lo acompa\u00f1a y le brinda un lugar de disfrute digno y seguro&#8221;.<\/p>\n\n\n\n<p>Para el Municipio, el \u00e9xito de la Colonia 2026 no se mide solo en n\u00fameros, sino en el alivio que signific\u00f3 para el bolsillo de las familias y en la calidad de los v\u00ednculos creados en el Camping. Con el cierre de la colonia, la ciudad despide una de las temporadas m\u00e1s inclusivas y masivas de los \u00faltimos a\u00f1os.<\/p>\n","protected":false},"excerpt":{"rendered":"<p>La Escuela de Vacaciones del Camping Municipal entra en su recta final. Este viernes 30 de enero ser\u00e1 la jornada de cierre de una temporada que quedar\u00e1 marcada por el trabajo conjunto entre la Municipalidad de Granadero Baigorria y el Gobierno de la Provincia de Santa Fe, una alianza estrat\u00e9gica que permiti\u00f3 que cientos de [&hellip;]<\/p>\n","protected":false},"author":5,"featured_media":21013,"comment_status":"closed","ping_status":"open","sticky":false,"template":"","format":"standard","meta":{"tdm_status":"","tdm_grid_status":"","footnotes":""},"categories":[13],"tags":[3547,6373,246,6374],"class_list":{"0":"post-21012","1":"post","2":"type-post","3":"status-publish","4":"format-standard","5":"has-post-thumbnail","7":"category-region","8":"tag-camping-municipal","9":"tag-escuela-de-vacaciones","10":"tag-granadero-baigorria","11":"tag-ultima-semana"},"_links":{"self":[{"href":"https:\/\/www.noticiasmas.com.ar\/index.php\/wp-json\/wp\/v2\/posts\/21012","targetHints":{"allow":["GET"]}}],"collection":[{"href":"https:\/\/www.noticiasmas.com.ar\/index.php\/wp-json\/wp\/v2\/posts"}],"about":[{"href":"https:\/\/www.noticiasmas.com.ar\/index.php\/wp-json\/wp\/v2\/types\/post"}],"author":[{"embeddable":true,"href":"https:\/\/www.noticiasmas.com.ar\/index.php\/wp-json\/wp\/v2\/users\/5"}],"replies":[{"embeddable":true,"href":"https:\/\/www.noticiasmas.com.ar\/index.php\/wp-json\/wp\/v2\/comments?post=21012"}],"version-history":[{"count":1,"href":"https:\/\/www.noticiasmas.com.ar\/index.php\/wp-json\/wp\/v2\/posts\/21012\/revisions"}],"predecessor-version":[{"id":21014,"href":"https:\/\/www.noticiasmas.com.ar\/index.php\/wp-json\/wp\/v2\/posts\/21012\/revisions\/21014"}],"wp:featuredmedia":[{"embeddable":true,"href":"https:\/\/www.noticiasmas.com.ar\/index.php\/wp-json\/wp\/v2\/media\/21013"}],"wp:attachment":[{"href":"https:\/\/www.noticiasmas.com.ar\/index.php\/wp-json\/wp\/v2\/media?parent=21012"}],"wp:term":[{"taxonomy":"category","embeddable":true,"href":"https:\/\/www.noticiasmas.com.ar\/index.php\/wp-json\/wp\/v2\/categories?post=21012"},{"taxonomy":"post_tag","embeddable":true,"href":"https:\/\/www.noticiasmas.com.ar\/index.php\/wp-json\/wp\/v2\/tags?post=21012"}],"curies":[{"name":"wp","href":"https:\/\/api.w.org\/{rel}","templated":true}]}}