{"id":21018,"date":"2026-01-27T08:39:26","date_gmt":"2026-01-27T11:39:26","guid":{"rendered":"https:\/\/www.noticiasmas.com.ar\/?p=21018"},"modified":"2026-01-27T08:39:32","modified_gmt":"2026-01-27T11:39:32","slug":"el-congreso-tratara-la-baja-de-la-edad-de-imputabilidad","status":"publish","type":"post","link":"https:\/\/www.noticiasmas.com.ar\/index.php\/2026\/01\/27\/el-congreso-tratara-la-baja-de-la-edad-de-imputabilidad\/","title":{"rendered":"El Congreso tratar\u00e1 la baja de la edad de imputabilidad"},"content":{"rendered":"\n<p>El presidente\u00a0Javier Milei\u00a0oficializ\u00f3 este martes la inclusi\u00f3n dentro del temario de las sesiones extraordinarias del Congreso al debate sobre la\u00a0baja de la edad de imputabilidad.<\/p>\n\n\n\n<p>La medida fue formalizada a trav\u00e9s del\u00a0<strong>Decreto 53\/2026<\/strong>\u00a0publicado en el Bolet\u00edn Oficial, el cual lleva las firmas del presidente y de su vocero y actual ministro,\u00a0<strong>Manuel Adorni<\/strong>.<\/p>\n\n\n\n<p>En su Art\u00edculo 1\u00b0, ordena: &#8220;Incl\u00fayese en el temario a tratar por el H. Congreso de la Naci\u00f3n, durante el per\u00edodo de Sesiones Extraordinarias convocadas a partir del\u00a0<strong>2 de febrero de 2026<\/strong>, la consideraci\u00f3n de los Proyectos de Ley vinculados al\u00a0<strong>R\u00e9gimen Penal Juvenil<\/strong>&#8220;.<\/p>\n\n\n\n<p>&#8220;En Argentina el que las hace las paga; delito de adulto, pena de adulto&#8221;, se\u00f1al\u00f3 el presidente durante su visita a la peatonal Guemes de la ciudad de Mar del Plata, en donde fue nuevamente bien recibido por un pu\u00f1ado de seguidores en el epicentro balneario del pa\u00eds.  <\/p>\n\n\n\n<p>El proyecto que enviar\u00e1 el Ejecutivo, impulsado por las carteras de Seguridad y Justicia, busca modificar el r\u00e9gimen actual vigente desde la dictadura militar, bajando el piso de punibilidad, la cual actualmente est\u00e1 en 16 a\u00f1os de edad, para permitir que los menores que cometan delitos graves puedan ser juzgados y condenados.<\/p>\n","protected":false},"excerpt":{"rendered":"<p>El presidente\u00a0Javier Milei\u00a0oficializ\u00f3 este martes la inclusi\u00f3n dentro del temario de las sesiones extraordinarias del Congreso al debate sobre la\u00a0baja de la edad de imputabilidad. La medida fue formalizada a trav\u00e9s del\u00a0Decreto 53\/2026\u00a0publicado en el Bolet\u00edn Oficial, el cual lleva las firmas del presidente y de su vocero y actual ministro,\u00a0Manuel Adorni. En su Art\u00edculo [&hellip;]<\/p>\n","protected":false},"author":9,"featured_media":21019,"comment_status":"closed","ping_status":"open","sticky":false,"template":"","format":"standard","meta":{"tdm_status":"","tdm_grid_status":"","footnotes":""},"categories":[1],"tags":[1261,4415,60],"class_list":{"0":"post-21018","1":"post","2":"type-post","3":"status-publish","4":"format-standard","5":"has-post-thumbnail","7":"category-nacionales","8":"tag-congreso","9":"tag-edad-imputabilidad","10":"tag-javier-milei"},"_links":{"self":[{"href":"https:\/\/www.noticiasmas.com.ar\/index.php\/wp-json\/wp\/v2\/posts\/21018","targetHints":{"allow":["GET"]}}],"collection":[{"href":"https:\/\/www.noticiasmas.com.ar\/index.php\/wp-json\/wp\/v2\/posts"}],"about":[{"href":"https:\/\/www.noticiasmas.com.ar\/index.php\/wp-json\/wp\/v2\/types\/post"}],"author":[{"embeddable":true,"href":"https:\/\/www.noticiasmas.com.ar\/index.php\/wp-json\/wp\/v2\/users\/9"}],"replies":[{"embeddable":true,"href":"https:\/\/www.noticiasmas.com.ar\/index.php\/wp-json\/wp\/v2\/comments?post=21018"}],"version-history":[{"count":1,"href":"https:\/\/www.noticiasmas.com.ar\/index.php\/wp-json\/wp\/v2\/posts\/21018\/revisions"}],"predecessor-version":[{"id":21020,"href":"https:\/\/www.noticiasmas.com.ar\/index.php\/wp-json\/wp\/v2\/posts\/21018\/revisions\/21020"}],"wp:featuredmedia":[{"embeddable":true,"href":"https:\/\/www.noticiasmas.com.ar\/index.php\/wp-json\/wp\/v2\/media\/21019"}],"wp:attachment":[{"href":"https:\/\/www.noticiasmas.com.ar\/index.php\/wp-json\/wp\/v2\/media?parent=21018"}],"wp:term":[{"taxonomy":"category","embeddable":true,"href":"https:\/\/www.noticiasmas.com.ar\/index.php\/wp-json\/wp\/v2\/categories?post=21018"},{"taxonomy":"post_tag","embeddable":true,"href":"https:\/\/www.noticiasmas.com.ar\/index.php\/wp-json\/wp\/v2\/tags?post=21018"}],"curies":[{"name":"wp","href":"https:\/\/api.w.org\/{rel}","templated":true}]}}