{"id":2106,"date":"2024-01-02T15:30:28","date_gmt":"2024-01-02T18:30:28","guid":{"rendered":"https:\/\/www.noticiasmas.com.ar\/?p=2106"},"modified":"2024-01-02T15:30:29","modified_gmt":"2024-01-02T18:30:29","slug":"no-hay-mas-reintegros-arranco-2024-sin-devolucion-del-iva-ni-acreditaciones-en-billetera-santa-fe","status":"publish","type":"post","link":"https:\/\/www.noticiasmas.com.ar\/index.php\/2024\/01\/02\/no-hay-mas-reintegros-arranco-2024-sin-devolucion-del-iva-ni-acreditaciones-en-billetera-santa-fe\/","title":{"rendered":"No hay m\u00e1s reintegros: arranc\u00f3 2024 sin devoluci\u00f3n del IVA ni acreditaciones en Billetera Santa Fe"},"content":{"rendered":"\n<p><\/p>\n\n\n\n<p><\/p>\n\n\n\n<p>Comenz\u00f3 el 2024 y algunos de los beneficios con los que contaban los santafesinos y las santafesinas para con el consumo de v\u00edveres y productos de la canasta b\u00e1sica dejar\u00e1n de funcionar, ya que <em>a nivel nacional y provincial dejar\u00e1n de funcionar los programas de reintegro<\/em> <strong>Compre sin IVA<\/strong> y las devoluciones de <strong>Billetera Santa Fe<\/strong>.<\/p>\n\n\n\n<p>A nivel local, Maximiliano Pullaro decidi\u00f3 no continuar con el programa de reintegros de Billetera Santa Fe. Si bien la aplicaci\u00f3n continuar\u00e1 funcionando, por lo que se podr\u00e1n efectuar pagos y mover dinero a otras billeteras virtuales, ya no habr\u00e1 devoluciones de ning\u00fan porcentaje en las compras realizadas a trav\u00e9s de este soporte financiero.<\/p>\n\n\n\n<p>El plan del gobernador es que la misma funcione a voluntad de los comerciantes, y sean ellos los que ofrezcan descuentos por las compras pagando con esta aplicaci\u00f3n.<\/p>\n\n\n\n<p>De igual modo, para continuar incentivando su uso, la utilizaci\u00f3n de este medio de pago habilita a los usuarios a participar de un sorteo de medio mill\u00f3n de pesos diarios, algo que a\u00fan no fue del todo especificado.<\/p>\n\n\n\n<p>A nivel nacional, el Gobierno Nacional no continuar\u00e1 con el programa Compre sin IVA, impulsado por el ex ministro de Econom\u00eda Sergio Massa y que establec\u00eda la devoluci\u00f3n de hasta $18.800 en las compras de productos de la canasta b\u00e1sica con tarjeta de d\u00e9bito, a los cuales se les reintegraba el Impuesto al Valor Agregado del 21%.<\/p>\n\n\n\n<p>El presidente no prorrog\u00f3 el programa, el cual ten\u00eda fecha de finalizaci\u00f3n el 31 de diciembre de 2023, y las devoluciones dejar\u00e1n de registrarse en este mes de enero.<\/p>\n","protected":false},"excerpt":{"rendered":"<p>Comenz\u00f3 el 2024 y algunos de los beneficios con los que contaban los santafesinos y las santafesinas para con el consumo de v\u00edveres y productos de la canasta b\u00e1sica dejar\u00e1n de funcionar, ya que a nivel nacional y provincial dejar\u00e1n de funcionar los programas de reintegro Compre sin IVA y las devoluciones de Billetera Santa [&hellip;]<\/p>\n","protected":false},"author":9,"featured_media":2110,"comment_status":"closed","ping_status":"open","sticky":false,"template":"","format":"standard","meta":{"tdm_status":"","tdm_grid_status":"","footnotes":""},"categories":[2],"tags":[511,332,871,60,63,874,873,872],"class_list":{"0":"post-2106","1":"post","2":"type-post","3":"status-publish","4":"format-standard","5":"has-post-thumbnail","7":"category-economia","8":"tag-billetera-santa-fe","9":"tag-compras","10":"tag-compre-sin-iva","11":"tag-javier-milei","12":"tag-maximiliano-pullaro","13":"tag-promociones","14":"tag-reintegros","15":"tag-tarjeta-de-debito"},"_links":{"self":[{"href":"https:\/\/www.noticiasmas.com.ar\/index.php\/wp-json\/wp\/v2\/posts\/2106","targetHints":{"allow":["GET"]}}],"collection":[{"href":"https:\/\/www.noticiasmas.com.ar\/index.php\/wp-json\/wp\/v2\/posts"}],"about":[{"href":"https:\/\/www.noticiasmas.com.ar\/index.php\/wp-json\/wp\/v2\/types\/post"}],"author":[{"embeddable":true,"href":"https:\/\/www.noticiasmas.com.ar\/index.php\/wp-json\/wp\/v2\/users\/9"}],"replies":[{"embeddable":true,"href":"https:\/\/www.noticiasmas.com.ar\/index.php\/wp-json\/wp\/v2\/comments?post=2106"}],"version-history":[{"count":1,"href":"https:\/\/www.noticiasmas.com.ar\/index.php\/wp-json\/wp\/v2\/posts\/2106\/revisions"}],"predecessor-version":[{"id":2111,"href":"https:\/\/www.noticiasmas.com.ar\/index.php\/wp-json\/wp\/v2\/posts\/2106\/revisions\/2111"}],"wp:featuredmedia":[{"embeddable":true,"href":"https:\/\/www.noticiasmas.com.ar\/index.php\/wp-json\/wp\/v2\/media\/2110"}],"wp:attachment":[{"href":"https:\/\/www.noticiasmas.com.ar\/index.php\/wp-json\/wp\/v2\/media?parent=2106"}],"wp:term":[{"taxonomy":"category","embeddable":true,"href":"https:\/\/www.noticiasmas.com.ar\/index.php\/wp-json\/wp\/v2\/categories?post=2106"},{"taxonomy":"post_tag","embeddable":true,"href":"https:\/\/www.noticiasmas.com.ar\/index.php\/wp-json\/wp\/v2\/tags?post=2106"}],"curies":[{"name":"wp","href":"https:\/\/api.w.org\/{rel}","templated":true}]}}