{"id":21082,"date":"2026-01-28T11:48:23","date_gmt":"2026-01-28T14:48:23","guid":{"rendered":"https:\/\/www.noticiasmas.com.ar\/?p=21082"},"modified":"2026-01-28T11:48:28","modified_gmt":"2026-01-28T14:48:28","slug":"se-realizo-la-presentacion-oficial-de-la-48-edicion-de-la-maraton-acuatica-santa-fe-coronda","status":"publish","type":"post","link":"https:\/\/www.noticiasmas.com.ar\/index.php\/2026\/01\/28\/se-realizo-la-presentacion-oficial-de-la-48-edicion-de-la-maraton-acuatica-santa-fe-coronda\/","title":{"rendered":"Se realiz\u00f3 la presentaci\u00f3n oficial de la 48\u00b0 edici\u00f3n de la Marat\u00f3n Acu\u00e1tica Santa Fe &#8211; Coronda"},"content":{"rendered":"\n<p>En el marco de la ronda de presentaciones oficiales de la 48\u00aa edici\u00f3n de la Marat\u00f3n Acu\u00e1tica Santa Fe\u2013Coronda, este lunes por la noche se llev\u00f3 a cabo en la ciudad de Coronda el acto de lanzamiento de la tradicional competencia, que se disputar\u00e1 el pr\u00f3ximo domingo.<\/p>\n\n\n\n<p>El encuentro tuvo lugar en el Sal\u00f3n Oreste Mosconi de la Sociedad Argentina de Socorros Mutuos y reuni\u00f3 a autoridades locales, provinciales y representantes de la organizaci\u00f3n, en la antesala del evento deportivo internacional m\u00e1s importante de la regi\u00f3n.<\/p>\n\n\n\n<p>Por parte del municipio corondino estuvieron presentes el intendente Ricardo Ram\u00edrez y el subsecretario de Turismo, Teo Bianchi, mientras que en representaci\u00f3n del Gobierno de Santa Fe particip\u00f3 la subsecretaria de Deporte Federado, Silvina Rodr\u00edguez Meson. Desde la organizaci\u00f3n dijeron presente Fernando Fleitas, director deportivo de la prueba, y el corondino V\u00edctor Russo, presidente de la Asociaci\u00f3n Marat\u00f3n Acu\u00e1tica R\u00edo Coronda (AMARC).<\/p>\n\n\n\n<p>La hist\u00f3rica competencia, conocida como \u201cla m\u00e1s linda del mundo\u201d, contar\u00e1 en esta edici\u00f3n con la participaci\u00f3n de 18 de los mejores nadadores del planeta. Durante el lanzamiento tambi\u00e9n se present\u00f3 a la nueva reina de la Marat\u00f3n, Giuliana Gonz\u00e1lez, y a la embajadora, Bella Moreda.<\/p>\n\n\n\n<p>En su rol de anfitri\u00f3n, el intendente Ricardo \u201cBachi\u201d Ram\u00edrez expres\u00f3 su satisfacci\u00f3n por la realizaci\u00f3n de una nueva edici\u00f3n del evento. \u201cEs una alegr\u00eda inmensa. Se ha trabajado mucho este a\u00f1o y tambi\u00e9n el a\u00f1o pasado, cuando surgieron algunos inconvenientes que pudieron resolverse. Ya estamos en carrera, est\u00e1 todo programado y solo queda agradecer a la gente de la AMARC y al esfuerzo de la provincia\u201d, se\u00f1al\u00f3 en di\u00e1logo con <em>El Litoral<\/em>.<\/p>\n\n\n\n<p>En la misma l\u00ednea, Ram\u00edrez destac\u00f3 la incorporaci\u00f3n de la Marat\u00f3n a la Copa Santa Fe: \u201cEso nos da la posibilidad de que los corondinos y todos los santafesinos puedan disfrutar de este evento, no solo este a\u00f1o sino tambi\u00e9n en los que vienen\u201d.<\/p>\n\n\n\n<p>El jefe municipal tambi\u00e9n pidi\u00f3 responsabilidad al p\u00fablico que se acerque a la costanera, especialmente por la presencia de camalotes en el r\u00edo. \u201cEstamos atentos y preocupados por la cantidad que viene llegando. Trabajamos con guardavidas y personal municipal, pero es fundamental respetar las indicaciones de Prefectura para que todo salga perfecto en los 52 kil\u00f3metros del recorrido\u201d, advirti\u00f3.<\/p>\n\n\n\n<p>Finalmente, Ram\u00edrez asegur\u00f3 que la ciudad se encuentra preparada para recibir la competencia: \u201cAcondicionamos la costanera para que todo salga bien. Los esperamos con los brazos abiertos, no para nadar, pero s\u00ed para recibirlos\u201d. Adem\u00e1s, adelant\u00f3 que el cierre del evento contar\u00e1 con un espect\u00e1culo musical y que habr\u00e1 una sorpresa durante el sprint del jueves, con la participaci\u00f3n de nadadores locales. \u201cVienen los mejores nadadores del mundo, as\u00ed que est\u00e1 todo dado para vivir un domingo extraordinario\u201d, concluy\u00f3.<\/p>\n","protected":false},"excerpt":{"rendered":"<p>En el marco de la ronda de presentaciones oficiales de la 48\u00aa edici\u00f3n de la Marat\u00f3n Acu\u00e1tica Santa Fe\u2013Coronda, este lunes por la noche se llev\u00f3 a cabo en la ciudad de Coronda el acto de lanzamiento de la tradicional competencia, que se disputar\u00e1 el pr\u00f3ximo domingo. El encuentro tuvo lugar en el Sal\u00f3n Oreste [&hellip;]<\/p>\n","protected":false},"author":8,"featured_media":21089,"comment_status":"closed","ping_status":"open","sticky":false,"template":"","format":"standard","meta":{"tdm_status":"","tdm_grid_status":"","footnotes":""},"categories":[10],"tags":[4539,857,6393],"class_list":{"0":"post-21082","1":"post","2":"type-post","3":"status-publish","4":"format-standard","5":"has-post-thumbnail","7":"category-deportes","8":"tag-maraton-2","9":"tag-presentacion","10":"tag-santa-fe-coronda"},"_links":{"self":[{"href":"https:\/\/www.noticiasmas.com.ar\/index.php\/wp-json\/wp\/v2\/posts\/21082","targetHints":{"allow":["GET"]}}],"collection":[{"href":"https:\/\/www.noticiasmas.com.ar\/index.php\/wp-json\/wp\/v2\/posts"}],"about":[{"href":"https:\/\/www.noticiasmas.com.ar\/index.php\/wp-json\/wp\/v2\/types\/post"}],"author":[{"embeddable":true,"href":"https:\/\/www.noticiasmas.com.ar\/index.php\/wp-json\/wp\/v2\/users\/8"}],"replies":[{"embeddable":true,"href":"https:\/\/www.noticiasmas.com.ar\/index.php\/wp-json\/wp\/v2\/comments?post=21082"}],"version-history":[{"count":1,"href":"https:\/\/www.noticiasmas.com.ar\/index.php\/wp-json\/wp\/v2\/posts\/21082\/revisions"}],"predecessor-version":[{"id":21090,"href":"https:\/\/www.noticiasmas.com.ar\/index.php\/wp-json\/wp\/v2\/posts\/21082\/revisions\/21090"}],"wp:featuredmedia":[{"embeddable":true,"href":"https:\/\/www.noticiasmas.com.ar\/index.php\/wp-json\/wp\/v2\/media\/21089"}],"wp:attachment":[{"href":"https:\/\/www.noticiasmas.com.ar\/index.php\/wp-json\/wp\/v2\/media?parent=21082"}],"wp:term":[{"taxonomy":"category","embeddable":true,"href":"https:\/\/www.noticiasmas.com.ar\/index.php\/wp-json\/wp\/v2\/categories?post=21082"},{"taxonomy":"post_tag","embeddable":true,"href":"https:\/\/www.noticiasmas.com.ar\/index.php\/wp-json\/wp\/v2\/tags?post=21082"}],"curies":[{"name":"wp","href":"https:\/\/api.w.org\/{rel}","templated":true}]}}