{"id":21281,"date":"2026-02-09T11:50:03","date_gmt":"2026-02-09T14:50:03","guid":{"rendered":"https:\/\/www.noticiasmas.com.ar\/?p=21281"},"modified":"2026-02-09T11:50:09","modified_gmt":"2026-02-09T14:50:09","slug":"la-lista-naranja-unidad-presento-sus-propuestas-para-las-proximas-elecciones-en-el-sindicato-aceitero","status":"publish","type":"post","link":"https:\/\/www.noticiasmas.com.ar\/index.php\/2026\/02\/09\/la-lista-naranja-unidad-presento-sus-propuestas-para-las-proximas-elecciones-en-el-sindicato-aceitero\/","title":{"rendered":"La Lista Naranja Unidad present\u00f3 sus propuestas para las pr\u00f3ximas elecciones en el Sindicato Aceitero\u00a0"},"content":{"rendered":"\n<p>La lista Naranja Unidad que se postular\u00e1 el pr\u00f3ximo 10 de marzo en las elecciones del Sindicato de Obreros y Empleados Aceiteros de San Lorenzo contin\u00faa realizando campa\u00f1as en las puertas de las diferentes f\u00e1bricas del Cord\u00f3n Industrial.<\/p>\n\n\n\n<p>Daniel Piri Fern\u00e1ndez, candidato a Secretario General, coment\u00f3 a Noticias Mas cu\u00e1les ser\u00e1n las propuestas de este espacio que aglutina a varios grupos con v\u00ednculos en la pol\u00edtica sindical y plantean una propuesta de trabajo seria y comprometida con los trabajadores y las familias aceiteras.&nbsp;<\/p>\n\n\n\n<p>\u201cBuscamos algo distinto a una comisi\u00f3n que desde hace 8 meses se ha partido en dos. La gente nos pide cosas que esta comisi\u00f3n no tiene y nos preguntan por qu\u00e9\u201d, se\u00f1al\u00f3 Piri Fern\u00e1ndez, convocando a los trabajadores aceiteros a sumar su voto a la lista que se presenta hoy como alternativa a los dos espacios representados por el actual secretario general y su secretario gremial, hoy enemistados en el \u00e1mbito pol\u00edtico.&nbsp;<\/p>\n\n\n\n<p>En concreto, la lista Naranja Unidad propone un verdadero plan de vivienda para trabajadores aceiteros, mayores beneficios mediante la mutual Ampiava, la construcci\u00f3n de la Casa del Jubilado Aceitero y la inclusi\u00f3n laboral mediante la capacitaci\u00f3n adecuada de los hijos de los trabajadores aceiteros.&nbsp;<\/p>\n\n\n\n<p>\u201cHay cosas que est\u00e1n bien y otras que hay que hacer, en esa direcci\u00f3n va la lista Naranja Unidad, a llamar justamente a la unidad, a decirle a los compa\u00f1eros trabajadores que somos la mejor alternativa y que venimos a unir, no a dividir, queremos que el trabajador se sienta parte y representar realmente a todos los compa\u00f1eros\u201d, dijo Fern\u00e1ndez.<\/p>\n\n\n\n<p>Junto a Piri Fern\u00e1ndez se encuentra Eduardo Moreno como secretario gremial, junto a un equipo de trabajo con vasta experiencia en la pol\u00edtica gremial y en la representaci\u00f3n de los trabajadores.&nbsp;&nbsp;<\/p>\n\n\n\n<p>\u201cQueremos ser el gremio que alguna vez fuimos, s\u00f3lido y que escuche al trabajador\u201d, concluy\u00f3.&nbsp;<\/p>\n","protected":false},"excerpt":{"rendered":"<p>La lista Naranja Unidad que se postular\u00e1 el pr\u00f3ximo 10 de marzo en las elecciones del Sindicato de Obreros y Empleados Aceiteros de San Lorenzo contin\u00faa realizando campa\u00f1as en las puertas de las diferentes f\u00e1bricas del Cord\u00f3n Industrial. Daniel Piri Fern\u00e1ndez, candidato a Secretario General, coment\u00f3 a Noticias Mas cu\u00e1les ser\u00e1n las propuestas de este [&hellip;]<\/p>\n","protected":false},"author":9,"featured_media":21282,"comment_status":"closed","ping_status":"open","sticky":false,"template":"","format":"standard","meta":{"tdm_status":"","tdm_grid_status":"","footnotes":""},"categories":[13],"tags":[254,6440,54],"class_list":{"0":"post-21281","1":"post","2":"type-post","3":"status-publish","4":"format-standard","5":"has-post-thumbnail","7":"category-region","8":"tag-aceiteros","9":"tag-lista-naranja-unidad","10":"tag-soea"},"_links":{"self":[{"href":"https:\/\/www.noticiasmas.com.ar\/index.php\/wp-json\/wp\/v2\/posts\/21281","targetHints":{"allow":["GET"]}}],"collection":[{"href":"https:\/\/www.noticiasmas.com.ar\/index.php\/wp-json\/wp\/v2\/posts"}],"about":[{"href":"https:\/\/www.noticiasmas.com.ar\/index.php\/wp-json\/wp\/v2\/types\/post"}],"author":[{"embeddable":true,"href":"https:\/\/www.noticiasmas.com.ar\/index.php\/wp-json\/wp\/v2\/users\/9"}],"replies":[{"embeddable":true,"href":"https:\/\/www.noticiasmas.com.ar\/index.php\/wp-json\/wp\/v2\/comments?post=21281"}],"version-history":[{"count":1,"href":"https:\/\/www.noticiasmas.com.ar\/index.php\/wp-json\/wp\/v2\/posts\/21281\/revisions"}],"predecessor-version":[{"id":21283,"href":"https:\/\/www.noticiasmas.com.ar\/index.php\/wp-json\/wp\/v2\/posts\/21281\/revisions\/21283"}],"wp:featuredmedia":[{"embeddable":true,"href":"https:\/\/www.noticiasmas.com.ar\/index.php\/wp-json\/wp\/v2\/media\/21282"}],"wp:attachment":[{"href":"https:\/\/www.noticiasmas.com.ar\/index.php\/wp-json\/wp\/v2\/media?parent=21281"}],"wp:term":[{"taxonomy":"category","embeddable":true,"href":"https:\/\/www.noticiasmas.com.ar\/index.php\/wp-json\/wp\/v2\/categories?post=21281"},{"taxonomy":"post_tag","embeddable":true,"href":"https:\/\/www.noticiasmas.com.ar\/index.php\/wp-json\/wp\/v2\/tags?post=21281"}],"curies":[{"name":"wp","href":"https:\/\/api.w.org\/{rel}","templated":true}]}}