{"id":21409,"date":"2026-02-13T18:41:55","date_gmt":"2026-02-13T21:41:55","guid":{"rendered":"https:\/\/www.noticiasmas.com.ar\/?p=21409"},"modified":"2026-02-13T18:42:00","modified_gmt":"2026-02-13T21:42:00","slug":"universo-san-martin-en-el-convento-san-carlos-un-gran-plan-para-este-fin-de-semana-largo","status":"publish","type":"post","link":"https:\/\/www.noticiasmas.com.ar\/index.php\/2026\/02\/13\/universo-san-martin-en-el-convento-san-carlos-un-gran-plan-para-este-fin-de-semana-largo\/","title":{"rendered":"\u201cUniverso San Mart\u00edn\u201d en el Convento San Carlos, un gran plan para este fin de semana largo"},"content":{"rendered":"\n<p>La muestra exhibe elementos personales del Padre de la Patria, una r\u00e9plica de su sable corvo, una carta de su autor\u00eda y armas utilizadas en el Combate de San Lorenzo, entre otras reliquias. Se podr\u00e1 visitar los d\u00edas s\u00e1bado, domingo, lunes y martes de 10 a 18 h, con entradas a la venta en el Parador Tur\u00edstico.<\/p>\n\n\n\n<p>Se viene un fin de semana extra largo y los museos de la ciudad permanecer\u00e1n abiertos para que todas las familias puedan acceder al patrimonio hist\u00f3rico y cultural que atesora la ciudad. La \u00faltima gran incorporaci\u00f3n al acervo museol\u00f3gico local es \u201cUniverso San Mart\u00edn\u201d, una muestra desplegada en el Convento San Carlos, que cuenta con elementos personales del Padre de la Patria, entre otras reliquias.<\/p>\n\n\n\n<p>La exposici\u00f3n, inaugurada el 20 de junio en el marco de la conmemoraci\u00f3n del D\u00eda de la Bandera, est\u00e1 compuesta por diferentes estaciones. La Isla Roja contiene material b\u00e9lico del Combate de San Lorenzo; la Isla Azul, vestimentas y utensilios lit\u00fargicos empleados en el tedeum posterior a la justa militar y la Isla Rosa, objetos del Libertador de Medio Continente. La Isla Verde, en tanto, exhibe una carta original de San Mart\u00edn, trasladada desde el Convento San Francisco de Santa Fe; y la Isla Gris, un trozo del Pino Hist\u00f3rico.<\/p>\n\n\n\n<p>El circuito incluye la exhibici\u00f3n de una r\u00e9plica del sable corvo del libertador, la celda del Capit\u00e1n Berm\u00fadez y diez estaciones Oculus Reef de realidad virtual, que ofrecer\u00e1n una experiencia inmersiva en el entorno del enfrentamiento militar.<\/p>\n\n\n\n<p>Adem\u00e1s del Museo Conventual San Carlos y su muestra \u201cUniverso San Mart\u00edn\u201d, se podr\u00e1n visitar el Museo Sanmartiniano de dioramas; el Museo de \u00c1rboles Hist\u00f3ricos, con gigantograf\u00edas de ejemplares de todo el pa\u00eds; y el Museo de Historia Regional.<\/p>\n\n\n\n<p>Sus puertas estar\u00e1n abiertas el s\u00e1bado, el domingo, el lunes y el martes entre las 10 y las 18 h. Las entradas estar\u00e1n a la venta en el Centro de Atenci\u00f3n al Turista (Parador Tur\u00edstico), ubicado en Sargento Cabral y Avenida del Combate.<\/p>\n","protected":false},"excerpt":{"rendered":"<p>La muestra exhibe elementos personales del Padre de la Patria, una r\u00e9plica de su sable corvo, una carta de su autor\u00eda y armas utilizadas en el Combate de San Lorenzo, entre otras reliquias. Se podr\u00e1 visitar los d\u00edas s\u00e1bado, domingo, lunes y martes de 10 a 18 h, con entradas a la venta en el [&hellip;]<\/p>\n","protected":false},"author":5,"featured_media":21410,"comment_status":"closed","ping_status":"open","sticky":false,"template":"","format":"standard","meta":{"tdm_status":"","tdm_grid_status":"","footnotes":""},"categories":[13],"tags":[2455,2380,58,4780],"class_list":{"0":"post-21409","1":"post","2":"type-post","3":"status-publish","4":"format-standard","5":"has-post-thumbnail","7":"category-region","8":"tag-fin-de-semana-largo","9":"tag-muestra","10":"tag-san-lorenzo","11":"tag-universo-san-martin"},"_links":{"self":[{"href":"https:\/\/www.noticiasmas.com.ar\/index.php\/wp-json\/wp\/v2\/posts\/21409","targetHints":{"allow":["GET"]}}],"collection":[{"href":"https:\/\/www.noticiasmas.com.ar\/index.php\/wp-json\/wp\/v2\/posts"}],"about":[{"href":"https:\/\/www.noticiasmas.com.ar\/index.php\/wp-json\/wp\/v2\/types\/post"}],"author":[{"embeddable":true,"href":"https:\/\/www.noticiasmas.com.ar\/index.php\/wp-json\/wp\/v2\/users\/5"}],"replies":[{"embeddable":true,"href":"https:\/\/www.noticiasmas.com.ar\/index.php\/wp-json\/wp\/v2\/comments?post=21409"}],"version-history":[{"count":1,"href":"https:\/\/www.noticiasmas.com.ar\/index.php\/wp-json\/wp\/v2\/posts\/21409\/revisions"}],"predecessor-version":[{"id":21411,"href":"https:\/\/www.noticiasmas.com.ar\/index.php\/wp-json\/wp\/v2\/posts\/21409\/revisions\/21411"}],"wp:featuredmedia":[{"embeddable":true,"href":"https:\/\/www.noticiasmas.com.ar\/index.php\/wp-json\/wp\/v2\/media\/21410"}],"wp:attachment":[{"href":"https:\/\/www.noticiasmas.com.ar\/index.php\/wp-json\/wp\/v2\/media?parent=21409"}],"wp:term":[{"taxonomy":"category","embeddable":true,"href":"https:\/\/www.noticiasmas.com.ar\/index.php\/wp-json\/wp\/v2\/categories?post=21409"},{"taxonomy":"post_tag","embeddable":true,"href":"https:\/\/www.noticiasmas.com.ar\/index.php\/wp-json\/wp\/v2\/tags?post=21409"}],"curies":[{"name":"wp","href":"https:\/\/api.w.org\/{rel}","templated":true}]}}