{"id":21418,"date":"2026-02-17T10:43:27","date_gmt":"2026-02-17T13:43:27","guid":{"rendered":"https:\/\/www.noticiasmas.com.ar\/?p=21418"},"modified":"2026-02-17T10:43:31","modified_gmt":"2026-02-17T13:43:31","slug":"gremio-de-aceiteros-confirmo-que-iran-al-paro-este-jueves-contra-la-reforma-laboral-y-ate-cuestiono-a-la-cgt","status":"publish","type":"post","link":"https:\/\/www.noticiasmas.com.ar\/index.php\/2026\/02\/17\/gremio-de-aceiteros-confirmo-que-iran-al-paro-este-jueves-contra-la-reforma-laboral-y-ate-cuestiono-a-la-cgt\/","title":{"rendered":"GREMIO DE ACEITEROS CONFIRM\u00d3 QUE IR\u00c1N AL PARO ESTE JUEVES CONTRA LA REFORMA LABORAL Y ATE CUESTION\u00d3 A LA CGT"},"content":{"rendered":"\n<p>La Federaci\u00f3n de Trabajadores del Complejo Industrial Oleaginoso, Desmotadores de Algod\u00f3n y Afines (Aceiteros) convoc\u00f3 este jueves 19 de febrero a un paro nacional como medida de protesta contra la reforma laboral impulsada por el gobierno de Javier Milei (que ya tiene media sanci\u00f3n en Senadores), en una se\u00f1al de endurecimiento del conflicto gremial<\/p>\n\n\n\n<p>La huelga fue anunciada por su titular, Daniel Yofra, quien sostuvo en declaraciones period\u00edsticas que las protestas \u201cno alcanzan solo manifestarse en las calles\u201d y llam\u00f3 a intensificar las medidas frente a un Ejecutivo con el que admiti\u00f3 no tener di\u00e1logo.<\/p>\n\n\n\n<p>\u201cEl paro es una herramienta fundamental, somos producto de los paros y de las huelgas\u201d, afirm\u00f3 Yofra, donde lanz\u00f3 la convocatoria, y agreg\u00f3 que se trata de una respuesta al avance de un proyecto que, seg\u00fan evalu\u00f3, \u201catenta contra derechos laborales adquiridos\u201d.<\/p>\n\n\n\n<p>La huelga de aceiteros se ubica en el marco de un creciente plan de lucha gremial en rechazo a la reforma laboral, que ya logr\u00f3 media sanci\u00f3n en el Senado y ahora se encamina a ser tratada en la C\u00e1mara de Diputados. Sindicatos como la Uni\u00f3n Obrera Metal\u00fargica (UOM), ATE, las dos CTA y otros gremios afines ya vienen reclamando a la CGT que convoque a un paro general con movilizaci\u00f3n al Congreso, argumentando que sin una huelga nacional ser\u00e1 dif\u00edcil frenar o modificar aspectos clave del proyecto oficial.<\/p>\n\n\n\n<p>ATE CUESTION\u00d3 A LA CGT<\/p>\n\n\n\n<p>Tras la media sanci\u00f3n de la Reforma Laboral en el Senado, la Confederaci\u00f3n General del Trabajo (CGT) confirm\u00f3 este lunes la convocatoria a un paro general contra la Reforma Laboral que se llevar\u00eda a cabo el pr\u00f3ximo jueves 19 de febrero, en caso de que sea ese el d\u00eda de debate del proyecto oficialista en la C\u00e1mara de Diputados. No obstante, la medida de fuerza no incluir\u00e1 una movilizaci\u00f3n.<\/p>\n\n\n\n<p>Este aspecto fue cuestionado por el secretario general de ATE Nacional Rodolfo Aguiar, quien no descart\u00f3 que desde su gremio y desde el Frente de Sindicatos Unidos llamen a organizar \u201cmovilizaciones regionales o incluso piquetes\u201d.<\/p>\n\n\n\n<p>\u201cCon paros domingueros no vamos a frenar la reforma laboral y menos a\u00fan el programa econ\u00f3mico de ajuste brutal que lleva adelante el presidente Milei\u201d, cuestion\u00f3 Aguiar en di\u00e1logo con La Primera de la Tarde (Radio 2).<\/p>\n\n\n\n<p>Tras confirmarse la convocatoria al paro sin movilizaci\u00f3n por parte de la CGT, el gremialista consider\u00f3 que \u201chay un descontento social creciente en relaci\u00f3n a la reforma laboral\u201d y que desde el sector sindical deber\u00edan responder con medidas de fuerza.<\/p>\n\n\n\n<p>\u201cEs un momento que tenemos que aprovechar, aunque evidentemente hay gremialistas que le tienen miedo a la calle\u201d, dijo y agreg\u00f3 que \u201clos trabajadores no pueden pagar el costo de ese temor\u201d, por lo que \u201cla medida de fuerza tiene que ser con movilizaci\u00f3n\u201d.<\/p>\n\n\n\n<p><\/p>\n","protected":false},"excerpt":{"rendered":"<p>La Federaci\u00f3n de Trabajadores del Complejo Industrial Oleaginoso, Desmotadores de Algod\u00f3n y Afines (Aceiteros) convoc\u00f3 este jueves 19 de febrero a un paro nacional como medida de protesta contra la reforma laboral impulsada por el gobierno de Javier Milei (que ya tiene media sanci\u00f3n en Senadores), en una se\u00f1al de endurecimiento del conflicto gremial La [&hellip;]<\/p>\n","protected":false},"author":5,"featured_media":21419,"comment_status":"closed","ping_status":"open","sticky":false,"template":"","format":"standard","meta":{"tdm_status":"","tdm_grid_status":"","footnotes":""},"categories":[13],"tags":[254,897,330,6472,163],"class_list":{"0":"post-21418","1":"post","2":"type-post","3":"status-publish","4":"format-standard","5":"has-post-thumbnail","7":"category-region","8":"tag-aceiteros","9":"tag-ate","10":"tag-cgt","11":"tag-paro-contra-la-reforma","12":"tag-rosario"},"_links":{"self":[{"href":"https:\/\/www.noticiasmas.com.ar\/index.php\/wp-json\/wp\/v2\/posts\/21418","targetHints":{"allow":["GET"]}}],"collection":[{"href":"https:\/\/www.noticiasmas.com.ar\/index.php\/wp-json\/wp\/v2\/posts"}],"about":[{"href":"https:\/\/www.noticiasmas.com.ar\/index.php\/wp-json\/wp\/v2\/types\/post"}],"author":[{"embeddable":true,"href":"https:\/\/www.noticiasmas.com.ar\/index.php\/wp-json\/wp\/v2\/users\/5"}],"replies":[{"embeddable":true,"href":"https:\/\/www.noticiasmas.com.ar\/index.php\/wp-json\/wp\/v2\/comments?post=21418"}],"version-history":[{"count":1,"href":"https:\/\/www.noticiasmas.com.ar\/index.php\/wp-json\/wp\/v2\/posts\/21418\/revisions"}],"predecessor-version":[{"id":21420,"href":"https:\/\/www.noticiasmas.com.ar\/index.php\/wp-json\/wp\/v2\/posts\/21418\/revisions\/21420"}],"wp:featuredmedia":[{"embeddable":true,"href":"https:\/\/www.noticiasmas.com.ar\/index.php\/wp-json\/wp\/v2\/media\/21419"}],"wp:attachment":[{"href":"https:\/\/www.noticiasmas.com.ar\/index.php\/wp-json\/wp\/v2\/media?parent=21418"}],"wp:term":[{"taxonomy":"category","embeddable":true,"href":"https:\/\/www.noticiasmas.com.ar\/index.php\/wp-json\/wp\/v2\/categories?post=21418"},{"taxonomy":"post_tag","embeddable":true,"href":"https:\/\/www.noticiasmas.com.ar\/index.php\/wp-json\/wp\/v2\/tags?post=21418"}],"curies":[{"name":"wp","href":"https:\/\/api.w.org\/{rel}","templated":true}]}}