{"id":21439,"date":"2026-02-18T10:51:34","date_gmt":"2026-02-18T13:51:34","guid":{"rendered":"https:\/\/www.noticiasmas.com.ar\/?p=21439"},"modified":"2026-02-18T10:51:39","modified_gmt":"2026-02-18T13:51:39","slug":"comenzo-el-paro-de-48-horas-de-la-federacion-sindical-maritima-y-fluvial","status":"publish","type":"post","link":"https:\/\/www.noticiasmas.com.ar\/index.php\/2026\/02\/18\/comenzo-el-paro-de-48-horas-de-la-federacion-sindical-maritima-y-fluvial\/","title":{"rendered":"COMENZO EL PARO DE 48 HORAS DE LA FEDERACI\u00d3N SINDICAL MAR\u00cdTIMA Y FLUVIAL"},"content":{"rendered":"\n<p>La Federaci\u00f3n Sindical Mar\u00edtima y Fluvial (FESIMAF) confirm\u00f3 un paro total de actividades por 48 horas que comenzo a las 00 hs de este mi\u00e9rcoles 18 de febrero.<\/p>\n\n\n\n<p>Asi lo confirm\u00f3 Fernando Ramirez quien es secretario general del Sindicato de Conductores navales (Siconara) \u2013 seccional Rosario \u2013 quien adelant\u00f3 un alto impacto de la medida en puertos de Rosario y el gran Rosario.<\/p>\n\n\n\n<p>Cabe indicar que la medida de fuerza de FESIMAF se enmarca dentro del rechazo a la reforma laboral que promueve el gobierno nacional y que en su interior contiene un art\u00edculo repudiado por los gremios mar\u00edtimos y fluviales concerniente a personal embarcado.<\/p>\n\n\n\n<p>En ese orden, no habr\u00e1 actividad de los buques pesqueros, buques areneros de Buenos Aires y del Litoral, buques remolcadores de maniobra portuaria; buques en tareas de offshore, buques tanques, portacontenedores y de carga. La medida de fuerza es con los trabajadores a bordo (en sus puestos laborales) y se garantizan guardias m\u00ednimas en los puertos.<\/p>\n\n\n\n<p>El paro afecta directamente a los puertos de Buenos Aires, Rosario y Bah\u00eda Blanca, nodos claves para el comercio exterior.<\/p>\n","protected":false},"excerpt":{"rendered":"<p>La Federaci\u00f3n Sindical Mar\u00edtima y Fluvial (FESIMAF) confirm\u00f3 un paro total de actividades por 48 horas que comenzo a las 00 hs de este mi\u00e9rcoles 18 de febrero. Asi lo confirm\u00f3 Fernando Ramirez quien es secretario general del Sindicato de Conductores navales (Siconara) \u2013 seccional Rosario \u2013 quien adelant\u00f3 un alto impacto de la medida [&hellip;]<\/p>\n","protected":false},"author":5,"featured_media":21440,"comment_status":"closed","ping_status":"open","sticky":false,"template":"","format":"standard","meta":{"tdm_status":"","tdm_grid_status":"","footnotes":""},"categories":[1],"tags":[6478,324,6477,226,2971],"class_list":{"0":"post-21439","1":"post","2":"type-post","3":"status-publish","4":"format-standard","5":"has-post-thumbnail","7":"category-nacionales","8":"tag-48-hs","9":"tag-argentina","10":"tag-comenzo-el-paro","11":"tag-gremiales","12":"tag-siconara"},"_links":{"self":[{"href":"https:\/\/www.noticiasmas.com.ar\/index.php\/wp-json\/wp\/v2\/posts\/21439","targetHints":{"allow":["GET"]}}],"collection":[{"href":"https:\/\/www.noticiasmas.com.ar\/index.php\/wp-json\/wp\/v2\/posts"}],"about":[{"href":"https:\/\/www.noticiasmas.com.ar\/index.php\/wp-json\/wp\/v2\/types\/post"}],"author":[{"embeddable":true,"href":"https:\/\/www.noticiasmas.com.ar\/index.php\/wp-json\/wp\/v2\/users\/5"}],"replies":[{"embeddable":true,"href":"https:\/\/www.noticiasmas.com.ar\/index.php\/wp-json\/wp\/v2\/comments?post=21439"}],"version-history":[{"count":1,"href":"https:\/\/www.noticiasmas.com.ar\/index.php\/wp-json\/wp\/v2\/posts\/21439\/revisions"}],"predecessor-version":[{"id":21441,"href":"https:\/\/www.noticiasmas.com.ar\/index.php\/wp-json\/wp\/v2\/posts\/21439\/revisions\/21441"}],"wp:featuredmedia":[{"embeddable":true,"href":"https:\/\/www.noticiasmas.com.ar\/index.php\/wp-json\/wp\/v2\/media\/21440"}],"wp:attachment":[{"href":"https:\/\/www.noticiasmas.com.ar\/index.php\/wp-json\/wp\/v2\/media?parent=21439"}],"wp:term":[{"taxonomy":"category","embeddable":true,"href":"https:\/\/www.noticiasmas.com.ar\/index.php\/wp-json\/wp\/v2\/categories?post=21439"},{"taxonomy":"post_tag","embeddable":true,"href":"https:\/\/www.noticiasmas.com.ar\/index.php\/wp-json\/wp\/v2\/tags?post=21439"}],"curies":[{"name":"wp","href":"https:\/\/api.w.org\/{rel}","templated":true}]}}