{"id":21512,"date":"2026-02-21T18:58:09","date_gmt":"2026-02-21T21:58:09","guid":{"rendered":"https:\/\/www.noticiasmas.com.ar\/?p=21512"},"modified":"2026-02-21T18:58:14","modified_gmt":"2026-02-21T21:58:14","slug":"con-el-995-de-los-votos-amsafe-rechazo-la-propuesta-del-gobierno-en-la-reunion-paritaria","status":"publish","type":"post","link":"https:\/\/www.noticiasmas.com.ar\/index.php\/2026\/02\/21\/con-el-995-de-los-votos-amsafe-rechazo-la-propuesta-del-gobierno-en-la-reunion-paritaria\/","title":{"rendered":"Con el 99,5 % de los votos Amsafe rechaz\u00f3 la propuesta del Gobierno en la reuni\u00f3n paritaria"},"content":{"rendered":"\n<p>Entre lo resuelto por la asamblea provincial se estipula el no inicio de clases previsto para el 2 de marzo con concentraci\u00f3n en la capital de la provincia, acciones y movilizaciones en todo el territorio santafesino durante la pr\u00f3xima semana, continuidad del plan de lucha en unidad con Cetera y la instalaci\u00f3n de una Carpa Blanca que recorrer\u00e1 toda la provincia.<\/p>\n\n\n\n<p>El secretario general de AMSAFE, Rodrigo Alonso, inform\u00f3 que la Asamblea Provincial resolvi\u00f3 rechazar por el 99,5% de los votos la propuesta paritaria del Gobierno. Se\u00f1al\u00f3 que la oferta es \u201ctotalmente insuficiente\u201d porque no contempla cl\u00e1usula de actualizaci\u00f3n, deja abierta una mayor p\u00e9rdida salarial ante la inflaci\u00f3n y no responde a la ca\u00edda acumulada del 33% del salario docente.<\/p>\n\n\n\n<p>Alonso explic\u00f3 que el Gobierno \u201csolo propone recomponer un 3%\u201d y utiliza suplementos y montos no remunerativos que generan desigualdades, como el garantizado que se paga solo a docentes activos o la extensi\u00f3n horaria, que es un fondo nacional. Tambi\u00e9n advirti\u00f3 sobre los \u201cpremios\u201d y los 100 mil pesos por capacitaci\u00f3n, que \u201cno tienen continuidad garantizada\u201d y son mecanismos que \u201cno fortalecen el salario real de la docencia\u201d.<\/p>\n\n\n\n<figure class=\"wp-block-image size-large\"><img loading=\"lazy\" decoding=\"async\" width=\"1024\" height=\"683\" src=\"https:\/\/www.noticiasmas.com.ar\/wp-content\/uploads\/2026\/02\/Rodrigo-Alonso-1024x683.jpg\" alt=\"\" class=\"wp-image-21514\" srcset=\"https:\/\/www.noticiasmas.com.ar\/wp-content\/uploads\/2026\/02\/Rodrigo-Alonso-1024x683.jpg 1024w, https:\/\/www.noticiasmas.com.ar\/wp-content\/uploads\/2026\/02\/Rodrigo-Alonso-300x200.jpg 300w, https:\/\/www.noticiasmas.com.ar\/wp-content\/uploads\/2026\/02\/Rodrigo-Alonso-768x512.jpg 768w, https:\/\/www.noticiasmas.com.ar\/wp-content\/uploads\/2026\/02\/Rodrigo-Alonso-150x100.jpg 150w, https:\/\/www.noticiasmas.com.ar\/wp-content\/uploads\/2026\/02\/Rodrigo-Alonso-696x464.jpg 696w, https:\/\/www.noticiasmas.com.ar\/wp-content\/uploads\/2026\/02\/Rodrigo-Alonso-1068x712.jpg 1068w, https:\/\/www.noticiasmas.com.ar\/wp-content\/uploads\/2026\/02\/Rodrigo-Alonso.jpg 1200w\" sizes=\"auto, (max-width: 1024px) 100vw, 1024px\" \/><\/figure>\n\n\n\n<p>Asimismo, precis\u00f3 que seg\u00fan el acta paritaria un maestro que se inicia cobrar\u00e1 en junio $1.037.205,23, muy por debajo de lo que difunde el Gobierno provincial. \u201cNo sabemos de d\u00f3nde salen los n\u00fameros oficiales; no son los de la paritaria\u201d, afirm\u00f3.<\/p>\n\n\n\n<p>Finalmente, confirm\u00f3 el plan de acci\u00f3n votado en la Asamblea: acciones locales del 23 al 27 de febrero, actividades en todas las plazas de la provincia el 25 de febrero, paro de 24 horas el 2 de marzo, y luego la instalaci\u00f3n de una Carpa Blanca que recorrer\u00e1 los 19 departamentos.<\/p>\n","protected":false},"excerpt":{"rendered":"<p>Entre lo resuelto por la asamblea provincial se estipula el no inicio de clases previsto para el 2 de marzo con concentraci\u00f3n en la capital de la provincia, acciones y movilizaciones en todo el territorio santafesino durante la pr\u00f3xima semana, continuidad del plan de lucha en unidad con Cetera y la instalaci\u00f3n de una Carpa [&hellip;]<\/p>\n","protected":false},"author":5,"featured_media":21515,"comment_status":"closed","ping_status":"open","sticky":false,"template":"","format":"standard","meta":{"tdm_status":"","tdm_grid_status":"","footnotes":""},"categories":[14],"tags":[800,6505,798,4459,6506,18],"class_list":{"0":"post-21512","1":"post","2":"type-post","3":"status-publish","4":"format-standard","5":"has-post-thumbnail","7":"category-provinciales","8":"tag-amsafe","9":"tag-asamblea-provincial","10":"tag-docentes","11":"tag-medidas-de-fuerza","12":"tag-rechazo-a-la-paritaria","13":"tag-santa-fe"},"_links":{"self":[{"href":"https:\/\/www.noticiasmas.com.ar\/index.php\/wp-json\/wp\/v2\/posts\/21512","targetHints":{"allow":["GET"]}}],"collection":[{"href":"https:\/\/www.noticiasmas.com.ar\/index.php\/wp-json\/wp\/v2\/posts"}],"about":[{"href":"https:\/\/www.noticiasmas.com.ar\/index.php\/wp-json\/wp\/v2\/types\/post"}],"author":[{"embeddable":true,"href":"https:\/\/www.noticiasmas.com.ar\/index.php\/wp-json\/wp\/v2\/users\/5"}],"replies":[{"embeddable":true,"href":"https:\/\/www.noticiasmas.com.ar\/index.php\/wp-json\/wp\/v2\/comments?post=21512"}],"version-history":[{"count":1,"href":"https:\/\/www.noticiasmas.com.ar\/index.php\/wp-json\/wp\/v2\/posts\/21512\/revisions"}],"predecessor-version":[{"id":21516,"href":"https:\/\/www.noticiasmas.com.ar\/index.php\/wp-json\/wp\/v2\/posts\/21512\/revisions\/21516"}],"wp:featuredmedia":[{"embeddable":true,"href":"https:\/\/www.noticiasmas.com.ar\/index.php\/wp-json\/wp\/v2\/media\/21515"}],"wp:attachment":[{"href":"https:\/\/www.noticiasmas.com.ar\/index.php\/wp-json\/wp\/v2\/media?parent=21512"}],"wp:term":[{"taxonomy":"category","embeddable":true,"href":"https:\/\/www.noticiasmas.com.ar\/index.php\/wp-json\/wp\/v2\/categories?post=21512"},{"taxonomy":"post_tag","embeddable":true,"href":"https:\/\/www.noticiasmas.com.ar\/index.php\/wp-json\/wp\/v2\/tags?post=21512"}],"curies":[{"name":"wp","href":"https:\/\/api.w.org\/{rel}","templated":true}]}}