{"id":21597,"date":"2026-02-26T19:13:45","date_gmt":"2026-02-26T22:13:45","guid":{"rendered":"https:\/\/www.noticiasmas.com.ar\/?p=21597"},"modified":"2026-02-26T19:13:50","modified_gmt":"2026-02-26T22:13:50","slug":"promueven-la-creacion-de-un-programa-de-proteccion-integral-de-abejas","status":"publish","type":"post","link":"https:\/\/www.noticiasmas.com.ar\/index.php\/2026\/02\/26\/promueven-la-creacion-de-un-programa-de-proteccion-integral-de-abejas\/","title":{"rendered":"PROMUEVEN LA CREACI\u00d3N DE UN PROGRAMA DE PROTECCION INTEGRAL DE ABEJAS"},"content":{"rendered":"\n<p>Santa Fe posee una hist\u00f3rica relevancia dentro del sector ap\u00edcola nacional y ha fortalecido en los \u00faltimos a\u00f1os su log\u00edstica exportadora, consolidando al Puerto de Rosario como plataforma de salida para productores provinciales.<\/p>\n\n\n\n<p>El diputado provincial, Carlos del Frade promueve la creaci\u00f3n el Programa Provincial de Protecci\u00f3n Integral de las Abejas y otros Polinizadores, con el objeto de promover su conservaci\u00f3n, restauraci\u00f3n de h\u00e1bitats, monitoreo sanitario y reducci\u00f3n de factores de riesgo ambiental, en el marco del principio precautorio establecido en la Ley General del Ambiente N\u00ba 25.675.<\/p>\n\n\n\n<p>\u201cNuestro proyecto es en consonancia con el art\u00edculo 41 de la Constituci\u00f3n Nacional, que reconoce el derecho a un ambiente sano y el deber de preservarlo para las generaciones presentes y futuras\u201d, argument\u00f3 Del Frade.<\/p>\n\n\n\n<p>Por lo pronto, la provincia de Santa Fe cuenta con la Ley N\u00ba 13.870 de Promoci\u00f3n, Protecci\u00f3n y Desarrollo de la Actividad Ap\u00edcola, que reconoce el valor productivo y econ\u00f3mico de la apicultura. Sin embargo, el contexto ambiental actual exige \u201cavanzar hacia una pol\u00edtica p\u00fablica complementaria que incorpore una mirada integral, preventiva y ecosist\u00e9mica sobre la conservaci\u00f3n de abejas y dem\u00e1s polinizadores, no solo como actividad productiva sino como componente esencial del equilibrio ambienta\u201d, explic\u00f3 el diputado del Frente Amplio por la Soberan\u00eda.<\/p>\n\n\n\n<p>TIPO DE ABEJAS<\/p>\n\n\n\n<p>Las abejas mel\u00edferas (Apis mellifera), las abejas nativas -incluidas las de la tribu Meliponini- y otros polinizadores cumplen una funci\u00f3n ecosist\u00e9mica estrat\u00e9gica para la biodiversidad y la seguridad alimentaria.<\/p>\n\n\n\n<p>Se estima que alrededor del 75 % de los cultivos de alimentos a nivel mundial dependen, en alg\u00fan grado, de la polinizaci\u00f3n, y que aproximadamente el 90 % de las plantas con flor requieren este proceso para su reproducci\u00f3n.<\/p>\n\n\n\n<p>La protecci\u00f3n de los polinizadores no es solamente una cuesti\u00f3n ambiental, sino tambi\u00e9n productiva y social. Argentina se mantiene como una de las principales potencias ap\u00edcolas del mundo.<\/p>\n\n\n\n<p>Seg\u00fan datos oficiales recientes, el pa\u00eds cuenta con m\u00e1s de 22.300 productores registrados en el Registro Nacional de Productores Ap\u00edcolas (RENAPA) y alrededor de 4,2 millones de colmenas declaradas.<\/p>\n\n\n\n<p>M\u00e1s del 90 % de la producci\u00f3n de miel se destina a la exportaci\u00f3n, posicionando al pa\u00eds entre los principales exportadores globales. En 2025 las exportaciones del complejo ap\u00edcola superaron las 60.600 toneladas y generaron aproximadamente 143 millones de d\u00f3lares.<\/p>\n\n\n\n<p>Santa Fe posee una hist\u00f3rica relevancia dentro del sector ap\u00edcola nacional y ha fortalecido en los \u00faltimos a\u00f1os su log\u00edstica exportadora, consolidando al Puerto de Rosario como plataforma de salida para productores provinciales.<\/p>\n\n\n\n<p>No obstante, \u201cel fortalecimiento productivo debe acompa\u00f1arse de pol\u00edticas ambientales preventivas que reduzcan los factores de riesgo que afectan a los polinizadores\u201d, indic\u00f3 Del Frade.<\/p>\n\n\n\n<p>Entre las principales amenazas identificadas se encuentran: \u2022 La p\u00e9rdida y fragmentaci\u00f3n de h\u00e1bitats. \u2022 La simplificaci\u00f3n de paisajes productivos. \u2022 La exposici\u00f3n a fitosanitarios y otros productos qu\u00edmicos. \u2022 Las enfermedades y par\u00e1sitos. \u2022 Los efectos del cambio clim\u00e1tico, que alteran los ciclos fenol\u00f3gicos y la disponibilidad de recursos florales. \u2022 Los incendios en humedales y ecosistemas estrat\u00e9gicos como el Delta del Paran\u00e1.<\/p>\n\n\n\n<p>Asimismo, \u201cnuestra iniciativa\u201d no se limita a una declaraci\u00f3n de principios, sino que establece herramientas concretas: l. Restauraci\u00f3n y conexi\u00f3n de h\u00e1bitats mediante corredores biol\u00f3gicos, franjas florales y \u00e1reas de amortiguaci\u00f3n. 2. Implementaci\u00f3n de un sistema provincial de monitoreo sanitario, epidemiol\u00f3gico y toxicol\u00f3gico en apiarios georreferenciados. 3. Protocolos obligatorios de aviso digital previo para aplicaciones a\u00e9reas y terrestres de fitosanitarios en cercan\u00edas de apiarios registrados.<\/p>\n\n\n\n<p>OBJETIVOS DEL PROGRAMA<\/p>\n\n\n\n<p>El Programa Provincial de Protecci\u00f3n Integral de las Abejas y otros Polinizadores tiene importantes objetivos: a) Conservar y proteger las abejas mel\u00edferas (Apis me\/litera), las abejas nativas -incluidas las de la tribu Meliponini- y dem\u00e1s polinizadores, reconociendo su funci\u00f3n ecosist\u00e9mica esencial para la biodiversidad y la seguridad alimentaria; b) Restaurar, ampliar y conectar h\u00e1bitats favorables mediante la promoci\u00f3n de corredores biol\u00f3gicos, franjas florales, \u00e1reas de amortiguaci\u00f3n y el fomento prioritario de especies nativas y flora de inter\u00e9s ap\u00edcola y melipon\u00edcola; c) Incrementar la disponibilidad de recursos florales durante todo el ciclo anual, promoviendo pr\u00e1cticas agroecol\u00f3gicas y sistemas productivos de bajo impacto ambiental; d) Implementar un sistema provincial de monitoreo sanitario, epidemiol\u00f3gico y toxicol\u00f3gico en apiarios y meliponarios georreferenciados, priorizando zonas de agricultura intensiva; ente otros tantos.<\/p>\n\n\n\n<p>La Autoridad de Aplicaci\u00f3n es el Ministerio de Ambiente y Cambio Clim\u00e1tico, o el organismo que en un futuro lo reemplace que deber\u00e1 implementar un sistema provincial de monitoreo toxicol\u00f3gico y ambiental en apiarios georreferenciados, priorizando zonas de agricultura intensiva, con informes p\u00fablicos anuales.<\/p>\n","protected":false},"excerpt":{"rendered":"<p>Santa Fe posee una hist\u00f3rica relevancia dentro del sector ap\u00edcola nacional y ha fortalecido en los \u00faltimos a\u00f1os su log\u00edstica exportadora, consolidando al Puerto de Rosario como plataforma de salida para productores provinciales. El diputado provincial, Carlos del Frade promueve la creaci\u00f3n el Programa Provincial de Protecci\u00f3n Integral de las Abejas y otros Polinizadores, con [&hellip;]<\/p>\n","protected":false},"author":5,"featured_media":21598,"comment_status":"closed","ping_status":"open","sticky":false,"template":"","format":"standard","meta":{"tdm_status":"","tdm_grid_status":"","footnotes":""},"categories":[1],"tags":[994,6545,6546,6544,18],"class_list":{"0":"post-21597","1":"post","2":"type-post","3":"status-publish","4":"format-standard","5":"has-post-thumbnail","7":"category-nacionales","8":"tag-carlos-del-frade","9":"tag-programa-provincial","10":"tag-promueven-la-creacion","11":"tag-proteccion-integral-de-abejas","12":"tag-santa-fe"},"_links":{"self":[{"href":"https:\/\/www.noticiasmas.com.ar\/index.php\/wp-json\/wp\/v2\/posts\/21597","targetHints":{"allow":["GET"]}}],"collection":[{"href":"https:\/\/www.noticiasmas.com.ar\/index.php\/wp-json\/wp\/v2\/posts"}],"about":[{"href":"https:\/\/www.noticiasmas.com.ar\/index.php\/wp-json\/wp\/v2\/types\/post"}],"author":[{"embeddable":true,"href":"https:\/\/www.noticiasmas.com.ar\/index.php\/wp-json\/wp\/v2\/users\/5"}],"replies":[{"embeddable":true,"href":"https:\/\/www.noticiasmas.com.ar\/index.php\/wp-json\/wp\/v2\/comments?post=21597"}],"version-history":[{"count":1,"href":"https:\/\/www.noticiasmas.com.ar\/index.php\/wp-json\/wp\/v2\/posts\/21597\/revisions"}],"predecessor-version":[{"id":21599,"href":"https:\/\/www.noticiasmas.com.ar\/index.php\/wp-json\/wp\/v2\/posts\/21597\/revisions\/21599"}],"wp:featuredmedia":[{"embeddable":true,"href":"https:\/\/www.noticiasmas.com.ar\/index.php\/wp-json\/wp\/v2\/media\/21598"}],"wp:attachment":[{"href":"https:\/\/www.noticiasmas.com.ar\/index.php\/wp-json\/wp\/v2\/media?parent=21597"}],"wp:term":[{"taxonomy":"category","embeddable":true,"href":"https:\/\/www.noticiasmas.com.ar\/index.php\/wp-json\/wp\/v2\/categories?post=21597"},{"taxonomy":"post_tag","embeddable":true,"href":"https:\/\/www.noticiasmas.com.ar\/index.php\/wp-json\/wp\/v2\/tags?post=21597"}],"curies":[{"name":"wp","href":"https:\/\/api.w.org\/{rel}","templated":true}]}}