{"id":2160,"date":"2024-01-03T10:25:48","date_gmt":"2024-01-03T13:25:48","guid":{"rendered":"https:\/\/www.noticiasmas.com.ar\/?p=2160"},"modified":"2024-01-03T10:25:49","modified_gmt":"2024-01-03T13:25:49","slug":"timbues-con-la-participacion-de-mas-de-500-ninos-y-ninas-se-inauguro-la-colonia-de-verano","status":"publish","type":"post","link":"https:\/\/www.noticiasmas.com.ar\/index.php\/2024\/01\/03\/timbues-con-la-participacion-de-mas-de-500-ninos-y-ninas-se-inauguro-la-colonia-de-verano\/","title":{"rendered":"Timb\u00faes: Con la participaci\u00f3n de m\u00e1s de 500 ni\u00f1os y ni\u00f1as se inaugur\u00f3 la Colonia de Verano"},"content":{"rendered":"\n<p>El Presidente Comunal, Antonio Fiorenza, inaugur\u00f3 oficialmente la Colonia de Vacaciones Verano 2024 que <strong>se desarrollar\u00e1 en el Polideportivo Comunal Jos\u00e9 Francisco &#8220;Paco&#8221; Cabral, durante todo el mes de enero.<\/strong><\/p>\n\n\n\n<p>500 ni\u00f1os y ni\u00f1as participar\u00e1n de las <strong>actividades educativas, recreativas y deportivas que est\u00e1n coordinadas por cerca de 40 profesores.<\/strong><\/p>\n\n\n\n<p>Fiorenza que estuvo acompa\u00f1ado por miembros de la Comisi\u00f3n Comunal y por el Secretario de Deportes y Recreaci\u00f3n, Juan Cruz Yaruyo, manifest\u00f3: &#8220;Esta es una extensi\u00f3n de la educaci\u00f3n y valoro a cada una de las familias que acompa\u00f1an a sus hijos en este proyecto. Les deseo que disfruten mucho de los momentos que van a compartir durante este mes, felicito a cada uno de los profesores que acompa\u00f1ar\u00e1n en este trayecto&#8221;.<\/p>\n","protected":false},"excerpt":{"rendered":"<p>El Presidente Comunal, Antonio Fiorenza, inaugur\u00f3 oficialmente la Colonia de Vacaciones Verano 2024 que se desarrollar\u00e1 en el Polideportivo Comunal Jos\u00e9 Francisco &#8220;Paco&#8221; Cabral, durante todo el mes de enero. 500 ni\u00f1os y ni\u00f1as participar\u00e1n de las actividades educativas, recreativas y deportivas que est\u00e1n coordinadas por cerca de 40 profesores. Fiorenza que estuvo acompa\u00f1ado por [&hellip;]<\/p>\n","protected":false},"author":3,"featured_media":2161,"comment_status":"closed","ping_status":"open","sticky":false,"template":"","format":"standard","meta":{"tdm_status":"","tdm_grid_status":"","footnotes":""},"categories":[13],"tags":[894,895,197],"class_list":{"0":"post-2160","1":"post","2":"type-post","3":"status-publish","4":"format-standard","5":"has-post-thumbnail","7":"category-region","8":"tag-colonia-de-verano","9":"tag-fiorenza","10":"tag-timbues"},"_links":{"self":[{"href":"https:\/\/www.noticiasmas.com.ar\/index.php\/wp-json\/wp\/v2\/posts\/2160","targetHints":{"allow":["GET"]}}],"collection":[{"href":"https:\/\/www.noticiasmas.com.ar\/index.php\/wp-json\/wp\/v2\/posts"}],"about":[{"href":"https:\/\/www.noticiasmas.com.ar\/index.php\/wp-json\/wp\/v2\/types\/post"}],"author":[{"embeddable":true,"href":"https:\/\/www.noticiasmas.com.ar\/index.php\/wp-json\/wp\/v2\/users\/3"}],"replies":[{"embeddable":true,"href":"https:\/\/www.noticiasmas.com.ar\/index.php\/wp-json\/wp\/v2\/comments?post=2160"}],"version-history":[{"count":2,"href":"https:\/\/www.noticiasmas.com.ar\/index.php\/wp-json\/wp\/v2\/posts\/2160\/revisions"}],"predecessor-version":[{"id":2163,"href":"https:\/\/www.noticiasmas.com.ar\/index.php\/wp-json\/wp\/v2\/posts\/2160\/revisions\/2163"}],"wp:featuredmedia":[{"embeddable":true,"href":"https:\/\/www.noticiasmas.com.ar\/index.php\/wp-json\/wp\/v2\/media\/2161"}],"wp:attachment":[{"href":"https:\/\/www.noticiasmas.com.ar\/index.php\/wp-json\/wp\/v2\/media?parent=2160"}],"wp:term":[{"taxonomy":"category","embeddable":true,"href":"https:\/\/www.noticiasmas.com.ar\/index.php\/wp-json\/wp\/v2\/categories?post=2160"},{"taxonomy":"post_tag","embeddable":true,"href":"https:\/\/www.noticiasmas.com.ar\/index.php\/wp-json\/wp\/v2\/tags?post=2160"}],"curies":[{"name":"wp","href":"https:\/\/api.w.org\/{rel}","templated":true}]}}