{"id":21663,"date":"2026-03-04T10:25:56","date_gmt":"2026-03-04T13:25:56","guid":{"rendered":"https:\/\/www.noticiasmas.com.ar\/?p=21663"},"modified":"2026-03-04T10:26:01","modified_gmt":"2026-03-04T13:26:01","slug":"policias-realizaran-una-nueva-marcha-por-incumplimiento-de-las-condiciones-propuestas-por-el-gobierno-de-santa-fe","status":"publish","type":"post","link":"https:\/\/www.noticiasmas.com.ar\/index.php\/2026\/03\/04\/policias-realizaran-una-nueva-marcha-por-incumplimiento-de-las-condiciones-propuestas-por-el-gobierno-de-santa-fe\/","title":{"rendered":"Policias realizar\u00e1n una nueva marcha por &#8220;incumplimiento&#8221; de las condiciones propuestas por el gobierno de Santa Fe"},"content":{"rendered":"\n<p>Este mi\u00e9rcoles 4 de marzo, polic\u00edas de las Unidades Regionales de Rosario, Santa Fe y Reconquista convocaron a una manifestaci\u00f3n en nuevo reclamo por mejores condiciones laborales y por &#8220;incumplimiento&#8221; de las anteriores pactadas por el gobierno provincial. <\/p>\n\n\n\n<p>Se trata de una manfiestaci\u00f3n pac\u00edfica, sin corte de calle y sin elementos de trabajo, ya que convocan \u00fanicamente a personal fuera de servicio, y se realizar\u00e1 en las dependencias policiales de Rosario y Reconquista, a la vez que en la capital provincial tendr\u00e1 lugar frente a Casa de Gobierno. Las manifestaciones se realizar\u00e1n a las 18 horas.<\/p>\n\n\n\n<p>Habr\u00e1 un petitorio que se entregar\u00e1 nuevamente a las autoridades provinciales del Ministerio de Seguridad. Los miembros de la fuerza policial entienden que han sido poco los cambios propuestos por el gobierno en base a las demandas de las \u00faltimas movilizaciones luego de la muerte de dos efectivos que se quitaron la vida, y que &#8220;el plan de gobierno es puro maquillaje si no nos pagan lo que valemos&#8221;. <\/p>\n\n\n\n<p>Las principales exigencias recaen, por un lado, en lo salarial, para que se hagan efectivos los incrementos en el salario b\u00e1sico e impacten as\u00ed en los pasivos, como tambi\u00e9n modificaciones en las licencias por salud mental y la universalidad de la Tarjeta Alimentaria Policial. <\/p>\n\n\n\n<p>Compa\u00f1eros, el petitorio ya est\u00e1 listo y no vamos a dar ni un paso atr\u00e1s. El &#8220;Plan&#8221; del Gobierno es puro maquillaje si no nos pagan lo que valemos.<\/p>\n","protected":false},"excerpt":{"rendered":"<p>Este mi\u00e9rcoles 4 de marzo, polic\u00edas de las Unidades Regionales de Rosario, Santa Fe y Reconquista convocaron a una manifestaci\u00f3n en nuevo reclamo por mejores condiciones laborales y por &#8220;incumplimiento&#8221; de las anteriores pactadas por el gobierno provincial. Se trata de una manfiestaci\u00f3n pac\u00edfica, sin corte de calle y sin elementos de trabajo, ya que [&hellip;]<\/p>\n","protected":false},"author":9,"featured_media":0,"comment_status":"closed","ping_status":"open","sticky":false,"template":"","format":"standard","meta":{"tdm_status":"","tdm_grid_status":"","footnotes":""},"categories":[9],"tags":[853,163,18],"class_list":{"0":"post-21663","1":"post","2":"type-post","3":"status-publish","4":"format-standard","6":"category-policiales","7":"tag-policias","8":"tag-rosario","9":"tag-santa-fe"},"_links":{"self":[{"href":"https:\/\/www.noticiasmas.com.ar\/index.php\/wp-json\/wp\/v2\/posts\/21663","targetHints":{"allow":["GET"]}}],"collection":[{"href":"https:\/\/www.noticiasmas.com.ar\/index.php\/wp-json\/wp\/v2\/posts"}],"about":[{"href":"https:\/\/www.noticiasmas.com.ar\/index.php\/wp-json\/wp\/v2\/types\/post"}],"author":[{"embeddable":true,"href":"https:\/\/www.noticiasmas.com.ar\/index.php\/wp-json\/wp\/v2\/users\/9"}],"replies":[{"embeddable":true,"href":"https:\/\/www.noticiasmas.com.ar\/index.php\/wp-json\/wp\/v2\/comments?post=21663"}],"version-history":[{"count":1,"href":"https:\/\/www.noticiasmas.com.ar\/index.php\/wp-json\/wp\/v2\/posts\/21663\/revisions"}],"predecessor-version":[{"id":21664,"href":"https:\/\/www.noticiasmas.com.ar\/index.php\/wp-json\/wp\/v2\/posts\/21663\/revisions\/21664"}],"wp:attachment":[{"href":"https:\/\/www.noticiasmas.com.ar\/index.php\/wp-json\/wp\/v2\/media?parent=21663"}],"wp:term":[{"taxonomy":"category","embeddable":true,"href":"https:\/\/www.noticiasmas.com.ar\/index.php\/wp-json\/wp\/v2\/categories?post=21663"},{"taxonomy":"post_tag","embeddable":true,"href":"https:\/\/www.noticiasmas.com.ar\/index.php\/wp-json\/wp\/v2\/tags?post=21663"}],"curies":[{"name":"wp","href":"https:\/\/api.w.org\/{rel}","templated":true}]}}