{"id":21688,"date":"2026-03-04T21:06:42","date_gmt":"2026-03-05T00:06:42","guid":{"rendered":"https:\/\/www.noticiasmas.com.ar\/?p=21688"},"modified":"2026-03-04T21:06:48","modified_gmt":"2026-03-05T00:06:48","slug":"puerto-san-martin-viernes-de-folclore-en-el-teatro-municipal","status":"publish","type":"post","link":"https:\/\/www.noticiasmas.com.ar\/index.php\/2026\/03\/04\/puerto-san-martin-viernes-de-folclore-en-el-teatro-municipal\/","title":{"rendered":"PUERTO SAN MART\u00cdN:\u00a0VIERNES DE FOLCLORE EN EL TEATRO MUNICIPAL"},"content":{"rendered":"\n<p>Una noche destacada se vivi\u00f3 el pasado viernes para disfrutar de los cl\u00e1sicos del folklore argentino, con entradas gratuita en el CCM\u00a0&#8220;Batalla Punta Quebracho&#8221;.<\/p>\n\n\n\n<p>El d\u00fao folcl\u00f3rico Cuti y Roberto Carabajal se presentaron en el Teatro Municipal de Puerto General San Mart\u00edn.\u00a0Una nueva propuesta se sum\u00f3 a las que viene ofreciendo el Municipio a trav\u00e9s de la Secretar\u00eda de Cultura, las \u201cNoches de Folclore\u201d que vuelven a convocar a un p\u00fablico entusiasta de la localidad y la regi\u00f3n.\u00a0<\/p>\n\n\n\n<p>La identidad&nbsp;puertense&nbsp;est\u00e1 \u00edntimamente ligada al folclore, donde la m\u00fasica, las tradiciones y las historias preservan las ra\u00edces de su comunidad.&nbsp;&nbsp;<\/p>\n\n\n\n<figure class=\"wp-block-image size-large\"><img loading=\"lazy\" decoding=\"async\" width=\"1024\" height=\"683\" src=\"https:\/\/www.noticiasmas.com.ar\/wp-content\/uploads\/2026\/03\/Lula-Solis-1024x683.jpg\" alt=\"\" class=\"wp-image-21690\" srcset=\"https:\/\/www.noticiasmas.com.ar\/wp-content\/uploads\/2026\/03\/Lula-Solis-1024x683.jpg 1024w, https:\/\/www.noticiasmas.com.ar\/wp-content\/uploads\/2026\/03\/Lula-Solis-300x200.jpg 300w, https:\/\/www.noticiasmas.com.ar\/wp-content\/uploads\/2026\/03\/Lula-Solis-768x512.jpg 768w, https:\/\/www.noticiasmas.com.ar\/wp-content\/uploads\/2026\/03\/Lula-Solis-150x100.jpg 150w, https:\/\/www.noticiasmas.com.ar\/wp-content\/uploads\/2026\/03\/Lula-Solis-696x464.jpg 696w, https:\/\/www.noticiasmas.com.ar\/wp-content\/uploads\/2026\/03\/Lula-Solis-1068x712.jpg 1068w, https:\/\/www.noticiasmas.com.ar\/wp-content\/uploads\/2026\/03\/Lula-Solis.jpg 1200w\" sizes=\"auto, (max-width: 1024px) 100vw, 1024px\" \/><\/figure>\n\n\n\n\n\n<p>El escenario\u00a0que lleva el nombre de\u00a0\u201cLuis Marco\u201d\u00a0en recuerdo y reconocimiento del artista local y ciudadano ilustre,\u00a0se engalan\u00f3 con la presencia de Lula\u00a0Solis\u00a0y la presentaci\u00f3n\u00a0de Cuti y Roberto Carabajal, el d\u00fao que obtuvo el premio a la trayectoria en Cosqu\u00edn 2026. Los reconocidos referentes del folclore santiague\u00f1o brindaron entre\u00a0otros,\u00a0sus cl\u00e1sicos como \u201cEntre en mi pago sin golpear\u201d, \u201cDejame\u00a0que me vaya\u201d, \u201cCuando me abandone el alma\u201d, &#8220;La pucha con el hombre&#8221; y &#8220;El invisible&#8221;, entre otros.\u00a0<\/p>\n\n\n\n<figure class=\"wp-block-image size-large\"><img loading=\"lazy\" decoding=\"async\" width=\"1024\" height=\"683\" src=\"https:\/\/www.noticiasmas.com.ar\/wp-content\/uploads\/2026\/03\/Cuty-y-Roberto-2-1024x683.jpg\" alt=\"\" class=\"wp-image-21689\" srcset=\"https:\/\/www.noticiasmas.com.ar\/wp-content\/uploads\/2026\/03\/Cuty-y-Roberto-2-1024x683.jpg 1024w, https:\/\/www.noticiasmas.com.ar\/wp-content\/uploads\/2026\/03\/Cuty-y-Roberto-2-300x200.jpg 300w, https:\/\/www.noticiasmas.com.ar\/wp-content\/uploads\/2026\/03\/Cuty-y-Roberto-2-768x512.jpg 768w, https:\/\/www.noticiasmas.com.ar\/wp-content\/uploads\/2026\/03\/Cuty-y-Roberto-2-150x100.jpg 150w, https:\/\/www.noticiasmas.com.ar\/wp-content\/uploads\/2026\/03\/Cuty-y-Roberto-2-696x464.jpg 696w, https:\/\/www.noticiasmas.com.ar\/wp-content\/uploads\/2026\/03\/Cuty-y-Roberto-2-1068x712.jpg 1068w, https:\/\/www.noticiasmas.com.ar\/wp-content\/uploads\/2026\/03\/Cuty-y-Roberto-2.jpg 1200w\" sizes=\"auto, (max-width: 1024px) 100vw, 1024px\" \/><\/figure>\n\n\n\n<p>Antes de su presentaci\u00f3n dialogaron con el Intendente Carlos De\u00a0Grandis\u00a0y autoridades municipales, entre agradecimientos no faltaron las invitaciones \u201cseguramente estaremos presentes ese tercer domingo de agosto, en La Banda,\u00a0en la \u201cFiesta de la Abuela\u201d\u00a0con una gran delegaci\u00f3n de nuestros artistas locales\u201d\u00a0asegur\u00f3 De\u00a0Grandis\u00a0\u201cy yo los quiero invitar a ustedes para la celebraci\u00f3n del pr\u00f3ximo aniversario de nuestra ciudad\u201d agreg\u00f3.<\/p>\n","protected":false},"excerpt":{"rendered":"<p>Una noche destacada se vivi\u00f3 el pasado viernes para disfrutar de los cl\u00e1sicos del folklore argentino, con entradas gratuita en el CCM\u00a0&#8220;Batalla Punta Quebracho&#8221;. El d\u00fao folcl\u00f3rico Cuti y Roberto Carabajal se presentaron en el Teatro Municipal de Puerto General San Mart\u00edn.\u00a0Una nueva propuesta se sum\u00f3 a las que viene ofreciendo el Municipio a trav\u00e9s [&hellip;]<\/p>\n","protected":false},"author":5,"featured_media":21691,"comment_status":"closed","ping_status":"open","sticky":false,"template":"","format":"standard","meta":{"tdm_status":"","tdm_grid_status":"","footnotes":""},"categories":[13],"tags":[6533,6571,52,2564],"class_list":{"0":"post-21688","1":"post","2":"type-post","3":"status-publish","4":"format-standard","5":"has-post-thumbnail","7":"category-region","8":"tag-cuty-y-roberto-carabajal","9":"tag-noche-de-folclore","10":"tag-puerto-san-martin","11":"tag-teatro-municipal"},"_links":{"self":[{"href":"https:\/\/www.noticiasmas.com.ar\/index.php\/wp-json\/wp\/v2\/posts\/21688","targetHints":{"allow":["GET"]}}],"collection":[{"href":"https:\/\/www.noticiasmas.com.ar\/index.php\/wp-json\/wp\/v2\/posts"}],"about":[{"href":"https:\/\/www.noticiasmas.com.ar\/index.php\/wp-json\/wp\/v2\/types\/post"}],"author":[{"embeddable":true,"href":"https:\/\/www.noticiasmas.com.ar\/index.php\/wp-json\/wp\/v2\/users\/5"}],"replies":[{"embeddable":true,"href":"https:\/\/www.noticiasmas.com.ar\/index.php\/wp-json\/wp\/v2\/comments?post=21688"}],"version-history":[{"count":1,"href":"https:\/\/www.noticiasmas.com.ar\/index.php\/wp-json\/wp\/v2\/posts\/21688\/revisions"}],"predecessor-version":[{"id":21692,"href":"https:\/\/www.noticiasmas.com.ar\/index.php\/wp-json\/wp\/v2\/posts\/21688\/revisions\/21692"}],"wp:featuredmedia":[{"embeddable":true,"href":"https:\/\/www.noticiasmas.com.ar\/index.php\/wp-json\/wp\/v2\/media\/21691"}],"wp:attachment":[{"href":"https:\/\/www.noticiasmas.com.ar\/index.php\/wp-json\/wp\/v2\/media?parent=21688"}],"wp:term":[{"taxonomy":"category","embeddable":true,"href":"https:\/\/www.noticiasmas.com.ar\/index.php\/wp-json\/wp\/v2\/categories?post=21688"},{"taxonomy":"post_tag","embeddable":true,"href":"https:\/\/www.noticiasmas.com.ar\/index.php\/wp-json\/wp\/v2\/tags?post=21688"}],"curies":[{"name":"wp","href":"https:\/\/api.w.org\/{rel}","templated":true}]}}