{"id":21722,"date":"2026-03-06T17:04:46","date_gmt":"2026-03-06T20:04:46","guid":{"rendered":"https:\/\/www.noticiasmas.com.ar\/?p=21722"},"modified":"2026-03-06T17:04:50","modified_gmt":"2026-03-06T20:04:50","slug":"provincia-dio-inicio-a-las-obras-en-el-hospital-granaderos-a-caballos","status":"publish","type":"post","link":"https:\/\/www.noticiasmas.com.ar\/index.php\/2026\/03\/06\/provincia-dio-inicio-a-las-obras-en-el-hospital-granaderos-a-caballos\/","title":{"rendered":"Provincia dio inicio a las obras en el Hospital Granaderos a Caballos"},"content":{"rendered":"\n<p>La intervenci\u00f3n se concentra en la Guardia, para mejorar la infraestructura de atenci\u00f3n de urgencias y emergencias y generar espacios m\u00e1s adecuados para el personal y usuarios.<\/p>\n\n\n\n<p>El Gobierno de la Provincia de Santa Fe puso en marcha este jueves las obras de refuncionalizaci\u00f3n del Hospital Granaderos a Caballos de San Lorenzo, con una primera etapa centrada en la reforma integral del \u00e1rea de guardia. La actividad fue encabezada por la ministra de Salud, Silvia Ciancio, junto a autoridades provinciales, locales y del efector.<br><\/p>\n\n\n\n<p>Durante la recorrida, Ciancio destac\u00f3 que la intervenci\u00f3n forma parte de una planificaci\u00f3n para fortalecer la capacidad de respuesta del hospital. \u201cLa primera intervenci\u00f3n es en la guardia, un lugar sumamente necesario para lograr mayor funcionalidad en un hospital que necesitaba estas mejoras para seguir dando respuesta a los vecinos de la ciudad y de toda la regi\u00f3n\u201d, se\u00f1al\u00f3.<br><\/p>\n\n\n\n<p>La ministra explic\u00f3 que el inicio de los trabajos se dio luego de reformular el proceso licitatorio. \u201cHubo demoras vinculadas a los presupuestos presentados por las empresas, pero hoy estamos en obra\u201d, indic\u00f3, y valor\u00f3 el esfuerzo del personal para sostener la atenci\u00f3n durante la ejecuci\u00f3n: \u201cQuiz\u00e1s el usuario no lo perciba, pero es enorme el trabajo para que el hospital contin\u00fae funcionando con normalidad\u201d.<br><\/p>\n\n\n\n<p>Adem\u00e1s, remarc\u00f3 el proceso de transformaci\u00f3n institucional que atraviesa el efector: \u201cEn los \u00faltimos meses hizo un cambio muy importante y se transform\u00f3 en un hospital de puertas abiertas para recuperar el di\u00e1logo con la comunidad\u201d.<\/p>\n\n\n\n<p>Trabajo institucional y acompa\u00f1amiento local<\/p>\n\n\n\n<p>La diputada provincial Silvana Di St\u00e9fano valor\u00f3 la presencia de la ministra y el avance del proyecto. \u201cPara nosotros es un gran honor que est\u00e9 en San Lorenzo. Estamos siempre en contacto por todo lo que sucede en la regi\u00f3n y esta obra es muy importante para toda la zona\u201d, se\u00f1al\u00f3.<br><\/p>\n\n\n\n<p>Por su parte, el presidente del Concejo Municipal, Hern\u00e1n Ore, remarc\u00f3 la articulaci\u00f3n entre los distintos niveles del Estado. \u201cPara los sanlorencinos es muy importante contar con este hospital p\u00fablico en la ciudad. Desde el municipio tambi\u00e9n se han aportado recursos para acompa\u00f1ar su funcionamiento y dar respuesta a vecinos de San Lorenzo\u201d, explic\u00f3.<br>En ese sentido, sostuvo que el inicio de la obra permite \u201cjerarquizar y poner en valor un hospital provincial que brinda atenci\u00f3n a toda la regi\u00f3n y sigue siendo clave para quienes encuentran respuesta en la salud p\u00fablica\u201d.<\/p>\n\n\n\n<figure class=\"wp-block-image size-large\"><img loading=\"lazy\" decoding=\"async\" width=\"1024\" height=\"683\" src=\"https:\/\/www.noticiasmas.com.ar\/wp-content\/uploads\/2026\/03\/hospital-obras-2-1024x683.jpg\" alt=\"\" class=\"wp-image-21723\" srcset=\"https:\/\/www.noticiasmas.com.ar\/wp-content\/uploads\/2026\/03\/hospital-obras-2-1024x683.jpg 1024w, https:\/\/www.noticiasmas.com.ar\/wp-content\/uploads\/2026\/03\/hospital-obras-2-300x200.jpg 300w, https:\/\/www.noticiasmas.com.ar\/wp-content\/uploads\/2026\/03\/hospital-obras-2-768x512.jpg 768w, https:\/\/www.noticiasmas.com.ar\/wp-content\/uploads\/2026\/03\/hospital-obras-2-150x100.jpg 150w, https:\/\/www.noticiasmas.com.ar\/wp-content\/uploads\/2026\/03\/hospital-obras-2-696x464.jpg 696w, https:\/\/www.noticiasmas.com.ar\/wp-content\/uploads\/2026\/03\/hospital-obras-2-1068x712.jpg 1068w, https:\/\/www.noticiasmas.com.ar\/wp-content\/uploads\/2026\/03\/hospital-obras-2.jpg 1200w\" sizes=\"auto, (max-width: 1024px) 100vw, 1024px\" \/><\/figure>\n\n\n\n<p>Refuncionalizaci\u00f3n<\/p>\n\n\n\n<p>El proyecto fue elaborado por la Direcci\u00f3n Provincial de Arquitectura del Ministerio de Salud y contempla una inversi\u00f3n superior a los 223 millones de pesos. La obra fue licitada y es financiada por la cartera sanitaria.<br><\/p>\n\n\n\n<p>Los trabajos incluyen mejoras en el ingreso ambulatorio, admisi\u00f3n y triage, enfermer\u00eda, consultorios y ba\u00f1os p\u00fablicos. Estas intervenciones permitir\u00e1n optimizar el acceso, mejorar los espacios de espera e implementar el sistema de clasificaci\u00f3n de pacientes para urgencias y emergencias.<br><\/p>\n\n\n\n<p>El director provincial de Arquitectura, Lisandro Vaccaro, explic\u00f3 que la primera etapa contempla recuperar el hist\u00f3rico ingreso de la guardia e incorporar servicios que actualmente no existen en ese sector. \u201cSe van a generar ba\u00f1os p\u00fablicos para este ingreso, que hoy no ten\u00eda, y nuevos espacios m\u00e1s c\u00f3modos para los usuarios, como una sala de espera\u201d, detall\u00f3.<br><\/p>\n\n\n\n<p>Adem\u00e1s, record\u00f3 que el proyecto debi\u00f3 volver a licitarse para mejorar las condiciones econ\u00f3micas. \u201cEn la primera licitaci\u00f3n las ofertas superaban casi un 50 % el presupuesto, por lo que se desestim\u00f3. Hoy estamos iniciando la obra, lo que demuestra la decisi\u00f3n de concretarla cuidando los recursos de los santafesinos\u201d, afirm\u00f3.<\/p>\n\n\n\n<p>Un salto de calidad en la atenci\u00f3n<\/p>\n\n\n\n<p>El director del hospital, Andr\u00e9s Lanaro, destac\u00f3 el acompa\u00f1amiento del Ministerio de Salud y el impacto que tendr\u00e1 la obra en el funcionamiento del efector. \u201cEs un d\u00eda muy importante para esta instituci\u00f3n. La presencia de la ministra demuestra que el ministerio ha puesto el foco en este hospital y nos respalda en todo este proceso\u201d, expres\u00f3.<br><\/p>\n\n\n\n<p>Lanaro explic\u00f3 que el \u00e1rea de guardia registra m\u00e1s de 45.000 atenciones anuales, por lo que se planific\u00f3 el desarrollo de los trabajos para no interrumpir la atenci\u00f3n. \u201cSe atiende las 24 horas, todos los d\u00edas del a\u00f1o, y estamos organizando el funcionamiento con nuestros equipos para sostener ese servicio durante la obra\u201d, indic\u00f3.<br><\/p>\n\n\n\n<p>Finalmente, sostuvo que las mejoras permitir\u00e1n ordenar la circulaci\u00f3n interna e incorporar nuevos espacios para la atenci\u00f3n. \u201cAdem\u00e1s del \u00e1rea de triage, podremos generar sectores para pacientes que requieren aislamiento, algo que hoy el hospital no tiene. Creemos que ser\u00e1 un salto de calidad muy importante\u201d, concluy\u00f3.<br><\/p>\n\n\n\n<p>De la actividad participaron tambi\u00e9n el subsecretario de Gesti\u00f3n Territorial Sur, Marcelo Krenz; la directora de la Regi\u00f3n de Salud\u2013Nodo Rosario, Rosa Dutto, entre otras autoridades.<\/p>\n","protected":false},"excerpt":{"rendered":"<p>La intervenci\u00f3n se concentra en la Guardia, para mejorar la infraestructura de atenci\u00f3n de urgencias y emergencias y generar espacios m\u00e1s adecuados para el personal y usuarios. El Gobierno de la Provincia de Santa Fe puso en marcha este jueves las obras de refuncionalizaci\u00f3n del Hospital Granaderos a Caballos de San Lorenzo, con una primera [&hellip;]<\/p>\n","protected":false},"author":5,"featured_media":21724,"comment_status":"closed","ping_status":"open","sticky":false,"template":"","format":"standard","meta":{"tdm_status":"","tdm_grid_status":"","footnotes":""},"categories":[13],"tags":[1166,6583,53,58],"class_list":{"0":"post-21722","1":"post","2":"type-post","3":"status-publish","4":"format-standard","5":"has-post-thumbnail","7":"category-region","8":"tag-hospital-granaderos-a-caballo","9":"tag-inicio-de-obras","10":"tag-salud","11":"tag-san-lorenzo"},"_links":{"self":[{"href":"https:\/\/www.noticiasmas.com.ar\/index.php\/wp-json\/wp\/v2\/posts\/21722","targetHints":{"allow":["GET"]}}],"collection":[{"href":"https:\/\/www.noticiasmas.com.ar\/index.php\/wp-json\/wp\/v2\/posts"}],"about":[{"href":"https:\/\/www.noticiasmas.com.ar\/index.php\/wp-json\/wp\/v2\/types\/post"}],"author":[{"embeddable":true,"href":"https:\/\/www.noticiasmas.com.ar\/index.php\/wp-json\/wp\/v2\/users\/5"}],"replies":[{"embeddable":true,"href":"https:\/\/www.noticiasmas.com.ar\/index.php\/wp-json\/wp\/v2\/comments?post=21722"}],"version-history":[{"count":1,"href":"https:\/\/www.noticiasmas.com.ar\/index.php\/wp-json\/wp\/v2\/posts\/21722\/revisions"}],"predecessor-version":[{"id":21725,"href":"https:\/\/www.noticiasmas.com.ar\/index.php\/wp-json\/wp\/v2\/posts\/21722\/revisions\/21725"}],"wp:featuredmedia":[{"embeddable":true,"href":"https:\/\/www.noticiasmas.com.ar\/index.php\/wp-json\/wp\/v2\/media\/21724"}],"wp:attachment":[{"href":"https:\/\/www.noticiasmas.com.ar\/index.php\/wp-json\/wp\/v2\/media?parent=21722"}],"wp:term":[{"taxonomy":"category","embeddable":true,"href":"https:\/\/www.noticiasmas.com.ar\/index.php\/wp-json\/wp\/v2\/categories?post=21722"},{"taxonomy":"post_tag","embeddable":true,"href":"https:\/\/www.noticiasmas.com.ar\/index.php\/wp-json\/wp\/v2\/tags?post=21722"}],"curies":[{"name":"wp","href":"https:\/\/api.w.org\/{rel}","templated":true}]}}