{"id":21726,"date":"2026-03-06T17:16:00","date_gmt":"2026-03-06T20:16:00","guid":{"rendered":"https:\/\/www.noticiasmas.com.ar\/?p=21726"},"modified":"2026-03-06T17:16:05","modified_gmt":"2026-03-06T20:16:05","slug":"quirofano-movil-de-iriondo-se-realizara-una-nueva-jornada-de-castracion-masiva-en-serodino","status":"publish","type":"post","link":"https:\/\/www.noticiasmas.com.ar\/index.php\/2026\/03\/06\/quirofano-movil-de-iriondo-se-realizara-una-nueva-jornada-de-castracion-masiva-en-serodino\/","title":{"rendered":"Quir\u00f3fano m\u00f3vil de Iriondo: Se realizar\u00e1 una nueva jornada de castraci\u00f3n masiva en Serodino"},"content":{"rendered":"\n<p>En el marco del programa de salud animal que recorre de manera constante el Departamento con el Quir\u00f3fano m\u00f3vil de Iriondo, el Senador Hugo Jes\u00fas Rasetto anunci\u00f3 la realizaci\u00f3n de una nueva jornada de castraci\u00f3n masiva y gratuita en la localidad de Serodino. El operativo se llevar\u00e1 a cabo el pr\u00f3ximo lunes 16 de marzo, en las instalaciones de la Sociedad Italiana, ubicada en Av. San Mart\u00edn 625, en el horario de 08:00 a 12:00 hs.<\/p>\n\n\n\n<p>Esta iniciativa busca promover el control poblacional de mascotas. Los interesados deber\u00e1n inscribirse previamente contactando a Gladis Borean (341-6196691) o Yaqui Daneri (3476-609503). Como requisitos, se solicita que los perros asistan con correa, los gatos en red o bolsa de red, y que los animales tengan al menos 5 meses de edad.<\/p>\n\n\n\n<p>Al respecto, el Senador Rasetto expres\u00f3:<\/p>\n\n\n\n<p>&#8220;Entendemos que la salud animal es, en definitiva, salud p\u00fablica. Por eso, sostenemos con compromiso desde hace a\u00f1os este programa que tiene continuidad en todo el departamento, acercando soluciones concretas a cada familia de Serodino y trabajando juntos por el bienestar de nuestras mascotas, y de los animales callejeros, que son parte de nuestro d\u00eda a d\u00eda&#8221;.<\/p>\n\n\n\n<p><\/p>\n","protected":false},"excerpt":{"rendered":"<p>En el marco del programa de salud animal que recorre de manera constante el Departamento con el Quir\u00f3fano m\u00f3vil de Iriondo, el Senador Hugo Jes\u00fas Rasetto anunci\u00f3 la realizaci\u00f3n de una nueva jornada de castraci\u00f3n masiva y gratuita en la localidad de Serodino. El operativo se llevar\u00e1 a cabo el pr\u00f3ximo lunes 16 de marzo, [&hellip;]<\/p>\n","protected":false},"author":5,"featured_media":21727,"comment_status":"closed","ping_status":"open","sticky":false,"template":"","format":"standard","meta":{"tdm_status":"","tdm_grid_status":"","footnotes":""},"categories":[13],"tags":[6585,6584,1345,1591,220,2714],"class_list":{"0":"post-21726","1":"post","2":"type-post","3":"status-publish","4":"format-standard","5":"has-post-thumbnail","7":"category-region","8":"tag-16-de-marzo","9":"tag-castracion-masiva","10":"tag-departamento-iriondo","11":"tag-hugo-rasetto","12":"tag-serodino","13":"tag-sociedad-italiana"},"_links":{"self":[{"href":"https:\/\/www.noticiasmas.com.ar\/index.php\/wp-json\/wp\/v2\/posts\/21726","targetHints":{"allow":["GET"]}}],"collection":[{"href":"https:\/\/www.noticiasmas.com.ar\/index.php\/wp-json\/wp\/v2\/posts"}],"about":[{"href":"https:\/\/www.noticiasmas.com.ar\/index.php\/wp-json\/wp\/v2\/types\/post"}],"author":[{"embeddable":true,"href":"https:\/\/www.noticiasmas.com.ar\/index.php\/wp-json\/wp\/v2\/users\/5"}],"replies":[{"embeddable":true,"href":"https:\/\/www.noticiasmas.com.ar\/index.php\/wp-json\/wp\/v2\/comments?post=21726"}],"version-history":[{"count":1,"href":"https:\/\/www.noticiasmas.com.ar\/index.php\/wp-json\/wp\/v2\/posts\/21726\/revisions"}],"predecessor-version":[{"id":21728,"href":"https:\/\/www.noticiasmas.com.ar\/index.php\/wp-json\/wp\/v2\/posts\/21726\/revisions\/21728"}],"wp:featuredmedia":[{"embeddable":true,"href":"https:\/\/www.noticiasmas.com.ar\/index.php\/wp-json\/wp\/v2\/media\/21727"}],"wp:attachment":[{"href":"https:\/\/www.noticiasmas.com.ar\/index.php\/wp-json\/wp\/v2\/media?parent=21726"}],"wp:term":[{"taxonomy":"category","embeddable":true,"href":"https:\/\/www.noticiasmas.com.ar\/index.php\/wp-json\/wp\/v2\/categories?post=21726"},{"taxonomy":"post_tag","embeddable":true,"href":"https:\/\/www.noticiasmas.com.ar\/index.php\/wp-json\/wp\/v2\/tags?post=21726"}],"curies":[{"name":"wp","href":"https:\/\/api.w.org\/{rel}","templated":true}]}}