{"id":2173,"date":"2024-01-03T14:30:43","date_gmt":"2024-01-03T17:30:43","guid":{"rendered":"https:\/\/www.noticiasmas.com.ar\/?p=2173"},"modified":"2024-01-03T14:30:43","modified_gmt":"2024-01-03T17:30:43","slug":"oliveros-suma-una-estacion-de-medicion-meteorologica-del-sat","status":"publish","type":"post","link":"https:\/\/www.noticiasmas.com.ar\/index.php\/2024\/01\/03\/oliveros-suma-una-estacion-de-medicion-meteorologica-del-sat\/","title":{"rendered":"Oliveros suma una estaci\u00f3n de medici\u00f3n meteorol\u00f3gica del SAT"},"content":{"rendered":"\n<p><\/p>\n\n\n\n<p><\/p>\n\n\n\n<p>En la sede de los Bomberos Voluntarios de la localidad de Oliveros funcionar\u00e1 una nueva Estaci\u00f3n Meteorol\u00f3gico Autom\u00e1tica para medir variantes del clima y anticipar pron\u00f3sticos para toda la regi\u00f3n.<\/p>\n\n\n\n<p>El Centro de Monitoreo Meteorol\u00f3gico y Clim\u00e1tico de Granadero Baigorria anunci\u00f3 este mi\u00e9rcoles la puesta en funcionamiento de dos antenas nuevas, instrumentos \u201cdise\u00f1ados para medir, registrar y transmitir autom\u00e1ticamente datos sobre condiciones meteorol\u00f3gicas\u201d, seg\u00fan se\u00f1alaron en un comunicado oficial.<\/p>\n\n\n\n<p>\u201cEstas estaciones juegan un papel fundamentan en la recolecci\u00f3n de datos para la investigaci\u00f3n clim\u00e1tica y la previsi\u00f3n del tiempo\u201d, agregaron.<\/p>\n\n\n\n<p>Estas mediciones independientes toman datos de la regi\u00f3n a trav\u00e9s de las terminales correspondientes al Sistema de Alerta Temprana (SAT) para anticipar variables clim\u00e1ticas, realizar los pron\u00f3sticos extendidos, estimar precipitaciones, chaparrones y lluvias, etc.<\/p>\n\n\n\n<p>Recientemente fue inaugurada una estaci\u00f3n en la zona rural de la localidad de Alvear, la que se suma a la red de 39 estaciones distribuidas a lo largo de la regi\u00f3n.<\/p>\n","protected":false},"excerpt":{"rendered":"<p>En la sede de los Bomberos Voluntarios de la localidad de Oliveros funcionar\u00e1 una nueva Estaci\u00f3n Meteorol\u00f3gico Autom\u00e1tica para medir variantes del clima y anticipar pron\u00f3sticos para toda la regi\u00f3n. El Centro de Monitoreo Meteorol\u00f3gico y Clim\u00e1tico de Granadero Baigorria anunci\u00f3 este mi\u00e9rcoles la puesta en funcionamiento de dos antenas nuevas, instrumentos \u201cdise\u00f1ados para medir, [&hellip;]<\/p>\n","protected":false},"author":9,"featured_media":2174,"comment_status":"closed","ping_status":"open","sticky":false,"template":"","format":"standard","meta":{"tdm_status":"","tdm_grid_status":"","footnotes":""},"categories":[13],"tags":[349,906,904,491,905],"class_list":{"0":"post-2173","1":"post","2":"type-post","3":"status-publish","4":"format-standard","5":"has-post-thumbnail","7":"category-region","8":"tag-bomberos-voluntarios","9":"tag-cmmc","10":"tag-estacion-meteorologica","11":"tag-oliveros","12":"tag-sat"},"_links":{"self":[{"href":"https:\/\/www.noticiasmas.com.ar\/index.php\/wp-json\/wp\/v2\/posts\/2173","targetHints":{"allow":["GET"]}}],"collection":[{"href":"https:\/\/www.noticiasmas.com.ar\/index.php\/wp-json\/wp\/v2\/posts"}],"about":[{"href":"https:\/\/www.noticiasmas.com.ar\/index.php\/wp-json\/wp\/v2\/types\/post"}],"author":[{"embeddable":true,"href":"https:\/\/www.noticiasmas.com.ar\/index.php\/wp-json\/wp\/v2\/users\/9"}],"replies":[{"embeddable":true,"href":"https:\/\/www.noticiasmas.com.ar\/index.php\/wp-json\/wp\/v2\/comments?post=2173"}],"version-history":[{"count":1,"href":"https:\/\/www.noticiasmas.com.ar\/index.php\/wp-json\/wp\/v2\/posts\/2173\/revisions"}],"predecessor-version":[{"id":2175,"href":"https:\/\/www.noticiasmas.com.ar\/index.php\/wp-json\/wp\/v2\/posts\/2173\/revisions\/2175"}],"wp:featuredmedia":[{"embeddable":true,"href":"https:\/\/www.noticiasmas.com.ar\/index.php\/wp-json\/wp\/v2\/media\/2174"}],"wp:attachment":[{"href":"https:\/\/www.noticiasmas.com.ar\/index.php\/wp-json\/wp\/v2\/media?parent=2173"}],"wp:term":[{"taxonomy":"category","embeddable":true,"href":"https:\/\/www.noticiasmas.com.ar\/index.php\/wp-json\/wp\/v2\/categories?post=2173"},{"taxonomy":"post_tag","embeddable":true,"href":"https:\/\/www.noticiasmas.com.ar\/index.php\/wp-json\/wp\/v2\/tags?post=2173"}],"curies":[{"name":"wp","href":"https:\/\/api.w.org\/{rel}","templated":true}]}}