{"id":21732,"date":"2026-03-06T17:43:04","date_gmt":"2026-03-06T20:43:04","guid":{"rendered":"https:\/\/www.noticiasmas.com.ar\/?p=21732"},"modified":"2026-03-06T17:43:10","modified_gmt":"2026-03-06T20:43:10","slug":"antonio-donello-actual-secretario-general-de-la-uom-rosario-fue-elegido-por-un-nuevo-mandato-al-frente-del-gremio-metalurgico","status":"publish","type":"post","link":"https:\/\/www.noticiasmas.com.ar\/index.php\/2026\/03\/06\/antonio-donello-actual-secretario-general-de-la-uom-rosario-fue-elegido-por-un-nuevo-mandato-al-frente-del-gremio-metalurgico\/","title":{"rendered":"Antonio Donello, Actual secretario general de la UOM Rosario fue elegido por un nuevo mandato al frente del gremio metal\u00fargico"},"content":{"rendered":"\n<p>La actividad metal\u00fargica argentina experiment\u00f3 en enero una variaci\u00f3n interanual negativa de 6,2% aunque mostr\u00f3 una leve recuperaci\u00f3n de 0,8% respecto de diciembre de 2025, seg\u00fan el informe del Departamento de Estudios Econ\u00f3micos de la Asociaci\u00f3n de Industriales Metal\u00fargicos de la Rep\u00fablica Argentina (ADIMRA). Ante este panorama el sector gremial est\u00e1 muy preocupado por la ca\u00edda de empleos. En Rosario y zona, seg\u00fan Antonio Donello, secretario general de la Uni\u00f3n Obrera Metal\u00fargica de Rosario pronostic\u00f3 una ca\u00edda de 300 a 400 puestos de trabajo en \u201cnuestra zona\u201d.<\/p>\n\n\n\n<p>\u201cEstamos muy preocupados, ca\u00edda en la l\u00ednea blanca, las autopartes, pymes, uno mira hacia adelante y ve problemas y no me soluciones\u201d, dijo y acus\u00f3 al gobierno nacional de \u201cno tiene pol\u00edtica industrial\u201d.<\/p>\n\n\n\n<p>\u201cPreocupa mucho la situaci\u00f3n, aunque los que tenemos ya bastante a\u00f1os hay que decir que esto ya de lo vivimos, pasamos de tener 250 mil afiliados a 55 mil en la \u00e9poca de Menem\u201d, indic\u00f3 el dirigente gremial haciendo un parang\u00f3n entre los 90 y el presente.<\/p>\n\n\n\n<p>En relaci\u00f3n a la cuesti\u00f3n laboral entre empresarios y trabajadores grafic\u00f3 que \u201cNo se est\u00e1n renovando contratos, y as\u00ed se va perdiendo trabajo, tambi\u00e9n se est\u00e1 usando como m\u00e9todo pagar indemnizaciones y un poco m\u00e1s de sueldo de lo que corresponde y muchos trabajadores aceptan porque tienen miedo de las nuevas leyes o mucha deuda que tienen, como ser endeudados con tarjetas\u201d, manifest\u00f3.<\/p>\n\n\n\n<p>Asimismo, agreg\u00f3 que \u201cmuchos aceptan retiros voluntarios que son despidos encubiertos, y toda esta situaci\u00f3n repercute en un doble problema: Cuando se les termine la plata buscaran trabajo y no habr\u00e1 mercado laboral que los absorba\u201d.<\/p>\n\n\n\n<p>En ese marco, Donello remarc\u00f3 que en la zona \u201co es tanto cierre persianas de empresas sino no hay renovaci\u00f3n de contratos y retiros voluntarios\u201d.<\/p>\n\n\n\n<p>\u201cDe ac\u00e1 a abril vamos a perder 300 o 400 puestos de trabajo en la zona y la afectada es la l\u00ednea blanca\u201d, profundiz\u00f3.<\/p>\n\n\n\n<p>\u201cVos te podes comprar una heladera de 1 mill\u00f3n y medio al contado\u201d, arroj\u00f3 como pregunta para interpretar un mercado laboral con baja demanda. \u201cNo va ver trabajo y no van a se va a vender lo importado tampoco\u201d, insisti\u00f3.<\/p>\n\n\n\n<p>En tal sinton\u00eda, el secretario general de la UOM Rosario manifest\u00f3 sobre el modelo que lleva adelante el gobierno de Javier Milei que \u201csolo beneficia a un 10 0 15 por ciento de la sociedad argentina, y el 85 por ciento restante se va a ir perjudicando cada vez m\u00e1s y se va a perder la clase media, que no se da cuenta que est\u00e1 en un camino que cada vez se le va a ser m\u00e1s dif\u00edcil mantener esa condici\u00f3n social\u201d, alert\u00f3.<\/p>\n\n\n\n<p>Sobre la Reforma laboral<\/p>\n\n\n\n<p>Sobre la reforma laboral recientemente aprobada en el Congreso de la naci\u00f3n y que se implement\u00f3 en los \u00e1mbitos laborales, Donello dijo: \u201cSolo va a beneficiar a un sector del poder econ\u00f3mico grande, Ac\u00e1 el trabajo se consigue si se cambia la pol\u00edtica nacional no pasa por una reforma laboral\u201d, consider\u00f3.<\/p>\n\n\n\n<p>Paralelamente, aclar\u00f3 que los gremios no est\u00e1n en contra de una reforma laboral \u201cpoque hay tecnolog\u00eda nueva de la que hay que empezar a hablar para que nuestros compa\u00f1eros sean capacitados y tener un mejor ingreso, pero lo que se est\u00e1 haciendo es retroceder y eso no genera trabajo, lo que va a generar trabajo es si este gobierno impulsa una pol\u00edtica industrial nacional\u201d, complet\u00f3.<\/p>\n\n\n\n<p>Un Nuevo Periodo al frente de la UOM Rosario<\/p>\n\n\n\n<p>Entre el lunes y el mi\u00e9rcoles pasado se llevaron a cabo elecciones en el gremio y los resultados arrojaron a Donello un respaldo que lo lleva a conducir la entidad gremial por un nuevo mandato. Este viernes asumi\u00f3 su tercer per\u00edodo al frente de la UOM local.<\/p>\n\n\n\n<p>Cabe indicar que hubo lista \u00fanica y que vot\u00f3 el 75 por ciento de los afiliados. \u201cPo la situaci\u00f3n que estamos atravesando, el descreimiento que hay , nos llevamos una grata sorpresa por el apoyo que tuvimos\u201d, dijo Donello.<\/p>\n\n\n\n<p>Cabe indicar que se eligi\u00f3 autoridades en las 53 seccionales de la Uni\u00f3n Obrera Metal\u00fargica en todo el pa\u00eds.<\/p>\n\n\n\n<p>En ese marco el pr\u00f3ximo 18 de marzo se elige nuevamente el secretariado nacional. Donello es parte de la actual conducci\u00f3n nacional que conduce Abel Furlan y todo se encamina para un nuevo mandato del secretario nacional de la seccional de Z\u00e1rate-Campana.<\/p>\n","protected":false},"excerpt":{"rendered":"<p>La actividad metal\u00fargica argentina experiment\u00f3 en enero una variaci\u00f3n interanual negativa de 6,2% aunque mostr\u00f3 una leve recuperaci\u00f3n de 0,8% respecto de diciembre de 2025, seg\u00fan el informe del Departamento de Estudios Econ\u00f3micos de la Asociaci\u00f3n de Industriales Metal\u00fargicos de la Rep\u00fablica Argentina (ADIMRA). Ante este panorama el sector gremial est\u00e1 muy preocupado por la [&hellip;]<\/p>\n","protected":false},"author":5,"featured_media":21733,"comment_status":"closed","ping_status":"open","sticky":false,"template":"","format":"standard","meta":{"tdm_status":"","tdm_grid_status":"","footnotes":""},"categories":[13],"tags":[6588,226,6521,163,1780],"class_list":{"0":"post-21732","1":"post","2":"type-post","3":"status-publish","4":"format-standard","5":"has-post-thumbnail","7":"category-region","8":"tag-antonio-donello","9":"tag-gremiales","10":"tag-reelecto","11":"tag-rosario","12":"tag-uom"},"_links":{"self":[{"href":"https:\/\/www.noticiasmas.com.ar\/index.php\/wp-json\/wp\/v2\/posts\/21732","targetHints":{"allow":["GET"]}}],"collection":[{"href":"https:\/\/www.noticiasmas.com.ar\/index.php\/wp-json\/wp\/v2\/posts"}],"about":[{"href":"https:\/\/www.noticiasmas.com.ar\/index.php\/wp-json\/wp\/v2\/types\/post"}],"author":[{"embeddable":true,"href":"https:\/\/www.noticiasmas.com.ar\/index.php\/wp-json\/wp\/v2\/users\/5"}],"replies":[{"embeddable":true,"href":"https:\/\/www.noticiasmas.com.ar\/index.php\/wp-json\/wp\/v2\/comments?post=21732"}],"version-history":[{"count":1,"href":"https:\/\/www.noticiasmas.com.ar\/index.php\/wp-json\/wp\/v2\/posts\/21732\/revisions"}],"predecessor-version":[{"id":21734,"href":"https:\/\/www.noticiasmas.com.ar\/index.php\/wp-json\/wp\/v2\/posts\/21732\/revisions\/21734"}],"wp:featuredmedia":[{"embeddable":true,"href":"https:\/\/www.noticiasmas.com.ar\/index.php\/wp-json\/wp\/v2\/media\/21733"}],"wp:attachment":[{"href":"https:\/\/www.noticiasmas.com.ar\/index.php\/wp-json\/wp\/v2\/media?parent=21732"}],"wp:term":[{"taxonomy":"category","embeddable":true,"href":"https:\/\/www.noticiasmas.com.ar\/index.php\/wp-json\/wp\/v2\/categories?post=21732"},{"taxonomy":"post_tag","embeddable":true,"href":"https:\/\/www.noticiasmas.com.ar\/index.php\/wp-json\/wp\/v2\/tags?post=21732"}],"curies":[{"name":"wp","href":"https:\/\/api.w.org\/{rel}","templated":true}]}}