{"id":21744,"date":"2026-03-09T07:53:55","date_gmt":"2026-03-09T10:53:55","guid":{"rendered":"https:\/\/www.noticiasmas.com.ar\/?p=21744"},"modified":"2026-03-09T07:54:00","modified_gmt":"2026-03-09T10:54:00","slug":"milei-imagino-su-futuro-fuera-de-la-politica-y-dijo-que-hoy-podria-ganar-500-mil-dolares-por-cada-conferencia","status":"publish","type":"post","link":"https:\/\/www.noticiasmas.com.ar\/index.php\/2026\/03\/09\/milei-imagino-su-futuro-fuera-de-la-politica-y-dijo-que-hoy-podria-ganar-500-mil-dolares-por-cada-conferencia\/","title":{"rendered":"Milei imagin\u00f3 su futuro &#8220;fuera de la pol\u00edtica&#8221;, y dijo que hoy podr\u00eda ganar &#8220;500 mil d\u00f3lares por cada conferencia&#8221;"},"content":{"rendered":"\n<p>El\u00a0<strong>presidente Javier Milei<\/strong> dio nuevos indicios de su futuro pol\u00edtico y personal y se\u00f1al\u00f3, en una entrevista televisiva, que podr\u00eda estar cobrando hoy \u201c<strong>500 mil d\u00f3lares por conferencia\u201d.<\/strong><\/p>\n\n\n\n<p><strong>Consultado sobre su futuro por el periodista Luis Majul, Milei respondi\u00f3:\u00a0<\/strong>\u201cMe voy a ir al campa, con mis hijitos de 4 patas -sus perros- escribiendo y dando conferencias\u201d.<\/p>\n\n\n\n<p><strong>\u201cHoy si yo diera una conferencia la podr\u00eda cobrar 500 mil d\u00f3lares\u201d<\/strong>, agreg\u00f3 pero luego aclar\u00f3 que ese monto bajar\u00e1 cuando deje de ser Presidente:<strong>&nbsp;\u201cFuera del cargo va a valer la mitad la conferencia, imagino yo\u201d.<\/strong><\/p>\n\n\n\n<p>El presidente no mencion\u00f3 la posibilidad de un futuro en la pol\u00edtica luego de una hipot\u00e9tica reelecci\u00f3n, por lo qu\u00e9, seg\u00fan sus palabras, &#8220;en 2031 no me ven m\u00e1s&#8221;. <\/p>\n\n\n\n<p>En cuanto al&nbsp;<strong>escenario econ\u00f3mico que atraviesa el pa\u00eds<\/strong>, asegur\u00f3 que&nbsp;<strong>si bien \u201cno somos Suiza\u201d, su gestion, baj\u00f3 la pobreza a un 27%&nbsp;<\/strong>y sac\u00f3 de la misma a m\u00e1s de 12 millones de personas:&nbsp;<strong>\u201cSi este gobierno siguiera, la economia crecer\u00eda el 8%<\/strong>, la inflaci\u00f3n va a volver a la baja\u201d; agreg\u00f3.<\/p>\n\n\n\n<p>Por otra parte,&nbsp;<strong>se refiri\u00f3 a los 920 puesto de trabajo que se perdieron con el cierre de Fate<\/strong>, la empresa de neum\u00e1ticos de Javier Madanes Quintanilla, y manifest\u00f3 que&nbsp;<strong>\u201c\u00e9l he estado desempleado\u201d y \u201csabe lo que es el dolor\u201d de la gente.&nbsp;<\/strong>Sin embargo,&nbsp;<strong>asever\u00f3&nbsp;<\/strong>que si bien \u201cesos empleos se pierden\u201d, ahora&nbsp;<strong>se van a crear \u201cnuevos puestos de trabajo en otros sectores\u201d.<\/strong><\/p>\n\n\n\n<p>En la misma l\u00ednea, plante\u00f3 que&nbsp;<strong>\u201cno piensa como un populista ni como \u201clos zurdos empobrecedores\u201d&nbsp;<\/strong>y subray\u00f3 que lo que hay que seguir haciendo&nbsp;<strong>en Argentina es \u201creconstruir el capital de trabajo para poder crecer\u201d. &nbsp;<\/strong><\/p>\n\n\n\n<p>En cuanto a los dichos&nbsp;<strong>sobre las internas<\/strong>&nbsp;entre la&nbsp;<strong>secretaria de Presidencia<\/strong>,&nbsp;<strong>Karina Milei y el asesor presidencial, Santiago Caputo<\/strong>, manifest\u00f3 que<strong>&nbsp;le parecen \u201ctonter\u00edas\u201d<\/strong>,&nbsp;<strong>al igual que cuando aseguran que quien gobierna es su hermana<\/strong>: \u201cSi todas las personas que trabajan conmigo pensaran igual, estar\u00edamos en un problema; podemos tener diferencias y es natural, porque&nbsp;<strong>a m\u00ed no me importa tener la raz\u00f3n, me importa hacer lo correcto<\/strong>\u201d, agreg\u00f3.&nbsp;<\/p>\n\n\n\n<p><\/p>\n","protected":false},"excerpt":{"rendered":"<p>El\u00a0presidente Javier Milei dio nuevos indicios de su futuro pol\u00edtico y personal y se\u00f1al\u00f3, en una entrevista televisiva, que podr\u00eda estar cobrando hoy \u201c500 mil d\u00f3lares por conferencia\u201d. Consultado sobre su futuro por el periodista Luis Majul, Milei respondi\u00f3:\u00a0\u201cMe voy a ir al campa, con mis hijitos de 4 patas -sus perros- escribiendo y dando [&hellip;]<\/p>\n","protected":false},"author":9,"featured_media":21745,"comment_status":"closed","ping_status":"open","sticky":false,"template":"","format":"standard","meta":{"tdm_status":"","tdm_grid_status":"","footnotes":""},"categories":[8],"tags":[102,218,39],"class_list":{"0":"post-21744","1":"post","2":"type-post","3":"status-publish","4":"format-standard","5":"has-post-thumbnail","7":"category-politica","8":"tag-milei","9":"tag-nacionales","10":"tag-politica"},"_links":{"self":[{"href":"https:\/\/www.noticiasmas.com.ar\/index.php\/wp-json\/wp\/v2\/posts\/21744","targetHints":{"allow":["GET"]}}],"collection":[{"href":"https:\/\/www.noticiasmas.com.ar\/index.php\/wp-json\/wp\/v2\/posts"}],"about":[{"href":"https:\/\/www.noticiasmas.com.ar\/index.php\/wp-json\/wp\/v2\/types\/post"}],"author":[{"embeddable":true,"href":"https:\/\/www.noticiasmas.com.ar\/index.php\/wp-json\/wp\/v2\/users\/9"}],"replies":[{"embeddable":true,"href":"https:\/\/www.noticiasmas.com.ar\/index.php\/wp-json\/wp\/v2\/comments?post=21744"}],"version-history":[{"count":1,"href":"https:\/\/www.noticiasmas.com.ar\/index.php\/wp-json\/wp\/v2\/posts\/21744\/revisions"}],"predecessor-version":[{"id":21746,"href":"https:\/\/www.noticiasmas.com.ar\/index.php\/wp-json\/wp\/v2\/posts\/21744\/revisions\/21746"}],"wp:featuredmedia":[{"embeddable":true,"href":"https:\/\/www.noticiasmas.com.ar\/index.php\/wp-json\/wp\/v2\/media\/21745"}],"wp:attachment":[{"href":"https:\/\/www.noticiasmas.com.ar\/index.php\/wp-json\/wp\/v2\/media?parent=21744"}],"wp:term":[{"taxonomy":"category","embeddable":true,"href":"https:\/\/www.noticiasmas.com.ar\/index.php\/wp-json\/wp\/v2\/categories?post=21744"},{"taxonomy":"post_tag","embeddable":true,"href":"https:\/\/www.noticiasmas.com.ar\/index.php\/wp-json\/wp\/v2\/tags?post=21744"}],"curies":[{"name":"wp","href":"https:\/\/api.w.org\/{rel}","templated":true}]}}