{"id":21760,"date":"2026-03-10T07:26:48","date_gmt":"2026-03-10T10:26:48","guid":{"rendered":"https:\/\/www.noticiasmas.com.ar\/?p=21760"},"modified":"2026-03-10T07:26:53","modified_gmt":"2026-03-10T10:26:53","slug":"milei-no-visitara-expoagro-este-ano-ya-que-continuara-con-sus-actividades-en-el-exterior","status":"publish","type":"post","link":"https:\/\/www.noticiasmas.com.ar\/index.php\/2026\/03\/10\/milei-no-visitara-expoagro-este-ano-ya-que-continuara-con-sus-actividades-en-el-exterior\/","title":{"rendered":"Milei no visitar\u00e1 Expoagro este a\u00f1o ya que continuar\u00e1 con sus actividades en el exterior"},"content":{"rendered":"\n<p>El presidente\u00a0<strong>Javier Milei\u00a0<\/strong>no asistir\u00e1 a la muestra\u00a0Expoagro, que tendr\u00e1 lugar desde este martes 10 hasta el 13 de marzo en San Nicol\u00e1s, debido a que priorizar\u00e1 su agenda internacional que lo tiene de viaje por Estados Unidos, Europa y que continuar\u00e1 en Sudam\u00e9rica.<\/p>\n\n\n\n<p>Milei se encuentra en Nueva York para participar este martes de\u00a0la inauguraci\u00f3n de Argentina Week 2026, una actividad organizada por la Embajada Argentina en los Estados Unidos, el JPMorgan y el Bank of America para &#8220;promover inversiones&#8221; en el pa\u00eds. Luego, ese mismo d\u00eda viajar\u00e1 a Chile para asistir el mi\u00e9rcoles a la asunci\u00f3n del presidente\u00a0<strong>Jos\u00e9 Antonio Kast<\/strong>, un colega desde lo ideol\u00f3gico y que podr\u00eda ser un gran aliado a nivel continental.<\/p>\n\n\n\n<p>Luego, el presidente volver\u00e1 a tomar un avi\u00f3n para viajar al exterior y el s\u00e1bado, por lo tanto, estar\u00e1 en Espa\u00f1a para ser parte del Foro Econ\u00f3mico de Madrid, un encuentro de la derecha de ese pa\u00eds. La idea es que el mandatario se dirija a Europa el jueves pr\u00f3ximo, despu\u00e9s de regresar a Argentina desde Chile.<\/p>\n","protected":false},"excerpt":{"rendered":"<p>El presidente\u00a0Javier Milei\u00a0no asistir\u00e1 a la muestra\u00a0Expoagro, que tendr\u00e1 lugar desde este martes 10 hasta el 13 de marzo en San Nicol\u00e1s, debido a que priorizar\u00e1 su agenda internacional que lo tiene de viaje por Estados Unidos, Europa y que continuar\u00e1 en Sudam\u00e9rica. Milei se encuentra en Nueva York para participar este martes de\u00a0la inauguraci\u00f3n [&hellip;]<\/p>\n","protected":false},"author":9,"featured_media":21761,"comment_status":"closed","ping_status":"open","sticky":false,"template":"","format":"standard","meta":{"tdm_status":"","tdm_grid_status":"","footnotes":""},"categories":[8],"tags":[4103,60,218],"class_list":{"0":"post-21760","1":"post","2":"type-post","3":"status-publish","4":"format-standard","5":"has-post-thumbnail","7":"category-politica","8":"tag-expoagro","9":"tag-javier-milei","10":"tag-nacionales"},"_links":{"self":[{"href":"https:\/\/www.noticiasmas.com.ar\/index.php\/wp-json\/wp\/v2\/posts\/21760","targetHints":{"allow":["GET"]}}],"collection":[{"href":"https:\/\/www.noticiasmas.com.ar\/index.php\/wp-json\/wp\/v2\/posts"}],"about":[{"href":"https:\/\/www.noticiasmas.com.ar\/index.php\/wp-json\/wp\/v2\/types\/post"}],"author":[{"embeddable":true,"href":"https:\/\/www.noticiasmas.com.ar\/index.php\/wp-json\/wp\/v2\/users\/9"}],"replies":[{"embeddable":true,"href":"https:\/\/www.noticiasmas.com.ar\/index.php\/wp-json\/wp\/v2\/comments?post=21760"}],"version-history":[{"count":1,"href":"https:\/\/www.noticiasmas.com.ar\/index.php\/wp-json\/wp\/v2\/posts\/21760\/revisions"}],"predecessor-version":[{"id":21762,"href":"https:\/\/www.noticiasmas.com.ar\/index.php\/wp-json\/wp\/v2\/posts\/21760\/revisions\/21762"}],"wp:featuredmedia":[{"embeddable":true,"href":"https:\/\/www.noticiasmas.com.ar\/index.php\/wp-json\/wp\/v2\/media\/21761"}],"wp:attachment":[{"href":"https:\/\/www.noticiasmas.com.ar\/index.php\/wp-json\/wp\/v2\/media?parent=21760"}],"wp:term":[{"taxonomy":"category","embeddable":true,"href":"https:\/\/www.noticiasmas.com.ar\/index.php\/wp-json\/wp\/v2\/categories?post=21760"},{"taxonomy":"post_tag","embeddable":true,"href":"https:\/\/www.noticiasmas.com.ar\/index.php\/wp-json\/wp\/v2\/tags?post=21760"}],"curies":[{"name":"wp","href":"https:\/\/api.w.org\/{rel}","templated":true}]}}