{"id":21775,"date":"2026-03-10T17:43:41","date_gmt":"2026-03-10T20:43:41","guid":{"rendered":"https:\/\/www.noticiasmas.com.ar\/?p=21775"},"modified":"2026-03-10T17:43:46","modified_gmt":"2026-03-10T20:43:46","slug":"carlos-del-frade-presenta-nuevo-libro-cincuenta-anos-despues-de-videla-y-galtieri-a-milei","status":"publish","type":"post","link":"https:\/\/www.noticiasmas.com.ar\/index.php\/2026\/03\/10\/carlos-del-frade-presenta-nuevo-libro-cincuenta-anos-despues-de-videla-y-galtieri-a-milei\/","title":{"rendered":"CARLOS DEL FRADE PRESENTA NUEVO LIBRO: CINCUENTA A\u00d1OS DESPU\u00c9S (De Videla y Galtieri a Milei)"},"content":{"rendered":"\n<p>Carlos del Frade, pol\u00edtico, periodista y escritor presenta su nuevo libro, \u201cCincuenta A\u00f1os Despues\u201d- De Videla y Galtieri a Milei -. Una obra publicada por Editorial Fundaci\u00f3n Ross<\/p>\n\n\n\n<p>La Presentaci\u00f3n oficial del libro ya tiene fecha: ser\u00e1 el 25 de marzo en Rosario a las 19:30 hs en la Asociaci\u00f3n Empleados de Comercio (Corrientes 450). En la ciudad de Santa Fe se realizar\u00e1 el 26 de marzo a las 19:30 horas en la sede de FESTRAM (Av. Gdor. Freyre 1635)<\/p>\n\n\n\n<p>\u201cEl golpe se hizo para defender al capital y la empresa privada, medio siglo despu\u00e9s resulta fundamental volver a contar lo que hay detr\u00e1s de los personajes, los hechos, las torturas y la apropiaci\u00f3n de beb\u00e9s: la depredaci\u00f3n de lo colectivo, desde lo material al pensamiento propio\u2026 (puede leerse en la contratapa del libro)<\/p>\n\n\n\n<p><\/p>\n","protected":false},"excerpt":{"rendered":"<p>Carlos del Frade, pol\u00edtico, periodista y escritor presenta su nuevo libro, \u201cCincuenta A\u00f1os Despues\u201d- De Videla y Galtieri a Milei -. Una obra publicada por Editorial Fundaci\u00f3n Ross La Presentaci\u00f3n oficial del libro ya tiene fecha: ser\u00e1 el 25 de marzo en Rosario a las 19:30 hs en la Asociaci\u00f3n Empleados de Comercio (Corrientes 450). [&hellip;]<\/p>\n","protected":false},"author":5,"featured_media":21776,"comment_status":"closed","ping_status":"open","sticky":false,"template":"","format":"standard","meta":{"tdm_status":"","tdm_grid_status":"","footnotes":""},"categories":[4],"tags":[994,6603,5469,163],"class_list":{"0":"post-21775","1":"post","2":"type-post","3":"status-publish","4":"format-standard","5":"has-post-thumbnail","7":"category-culturayespectaculos","8":"tag-carlos-del-frade","9":"tag-cincuenta-anos-despues","10":"tag-nuevo-libro","11":"tag-rosario"},"_links":{"self":[{"href":"https:\/\/www.noticiasmas.com.ar\/index.php\/wp-json\/wp\/v2\/posts\/21775","targetHints":{"allow":["GET"]}}],"collection":[{"href":"https:\/\/www.noticiasmas.com.ar\/index.php\/wp-json\/wp\/v2\/posts"}],"about":[{"href":"https:\/\/www.noticiasmas.com.ar\/index.php\/wp-json\/wp\/v2\/types\/post"}],"author":[{"embeddable":true,"href":"https:\/\/www.noticiasmas.com.ar\/index.php\/wp-json\/wp\/v2\/users\/5"}],"replies":[{"embeddable":true,"href":"https:\/\/www.noticiasmas.com.ar\/index.php\/wp-json\/wp\/v2\/comments?post=21775"}],"version-history":[{"count":1,"href":"https:\/\/www.noticiasmas.com.ar\/index.php\/wp-json\/wp\/v2\/posts\/21775\/revisions"}],"predecessor-version":[{"id":21777,"href":"https:\/\/www.noticiasmas.com.ar\/index.php\/wp-json\/wp\/v2\/posts\/21775\/revisions\/21777"}],"wp:featuredmedia":[{"embeddable":true,"href":"https:\/\/www.noticiasmas.com.ar\/index.php\/wp-json\/wp\/v2\/media\/21776"}],"wp:attachment":[{"href":"https:\/\/www.noticiasmas.com.ar\/index.php\/wp-json\/wp\/v2\/media?parent=21775"}],"wp:term":[{"taxonomy":"category","embeddable":true,"href":"https:\/\/www.noticiasmas.com.ar\/index.php\/wp-json\/wp\/v2\/categories?post=21775"},{"taxonomy":"post_tag","embeddable":true,"href":"https:\/\/www.noticiasmas.com.ar\/index.php\/wp-json\/wp\/v2\/tags?post=21775"}],"curies":[{"name":"wp","href":"https:\/\/api.w.org\/{rel}","templated":true}]}}