{"id":21787,"date":"2026-03-10T19:06:33","date_gmt":"2026-03-10T22:06:33","guid":{"rendered":"https:\/\/www.noticiasmas.com.ar\/?p=21787"},"modified":"2026-03-10T19:06:37","modified_gmt":"2026-03-10T22:06:37","slug":"capitan-bermudez-show-en-vivo-de-benja-torres-en-el-predio-del-ferrocarril","status":"publish","type":"post","link":"https:\/\/www.noticiasmas.com.ar\/index.php\/2026\/03\/10\/capitan-bermudez-show-en-vivo-de-benja-torres-en-el-predio-del-ferrocarril\/","title":{"rendered":"Capit\u00e1n Berm\u00fadez: Show en vivo de Benja Torres en el predio del ferrocarril"},"content":{"rendered":"\n<p>Este 15 de marzo desde las 19 hs, Benja Torres se presentar\u00e1 en Capit\u00e1n Berm\u00fadez, en el marco de los festejos de un nuevo aniversario de la ciudad. Ser\u00e1 en el Predio del Ferrocarril.<\/p>\n\n\n\n<p>El show tendr\u00e1 un significado especial para el artista, ya que es el lugar donde creci\u00f3 y dio sus primeros pasos en la m\u00fasica. De esta manera, Berm\u00fadez ser\u00e1 tambi\u00e9n el punto de partida simb\u00f3lico de una nueva etapa en su camino art\u00edstico, celebrando junto a su gente y compartiendo su m\u00fasica en la ciudad que lo vio formarse.<\/p>\n\n\n\n<p><strong>Viaje en Motorhome por Argentina<\/strong><\/p>\n\n\n\n<p>Benja Torres se lanza a la ruta en un motorhome para recorrer Argentina llevando su m\u00fasica en vivo a pueblos y ciudades del interior. A lo largo del camino, el artista realizar\u00e1 shows \u00edntimos y vivir\u00e1 experiencias en cada destino, buscando conectar con la gente de cada lugar. La iniciativa celebra la m\u00fasica como punto de encuentro, destaca la identidad de cada lugar y comparte historias que reflejan la riqueza cultural del pa\u00eds.<\/p>\n\n\n\n<p><strong>Nueva M\u00fasica: Turista<\/strong><\/p>\n\n\n\n<p>Durante el show, el p\u00fablico podr\u00e1 disfrutar de sus canciones m\u00e1s queridas y tambi\u00e9n conocer \u201cTurista\u201d, su nuevo lanzamiento. La canci\u00f3n invita a mirar la vida cotidiana con otros ojos y a redescubrir los lugares de siempre como si fuera la primera vez.<\/p>\n\n\n\n<p><\/p>\n","protected":false},"excerpt":{"rendered":"<p>Este 15 de marzo desde las 19 hs, Benja Torres se presentar\u00e1 en Capit\u00e1n Berm\u00fadez, en el marco de los festejos de un nuevo aniversario de la ciudad. Ser\u00e1 en el Predio del Ferrocarril. El show tendr\u00e1 un significado especial para el artista, ya que es el lugar donde creci\u00f3 y dio sus primeros pasos [&hellip;]<\/p>\n","protected":false},"author":5,"featured_media":21788,"comment_status":"closed","ping_status":"open","sticky":false,"template":"","format":"standard","meta":{"tdm_status":"","tdm_grid_status":"","footnotes":""},"categories":[4],"tags":[6608,247,3586,2444,6609],"class_list":{"0":"post-21787","1":"post","2":"type-post","3":"status-publish","4":"format-standard","5":"has-post-thumbnail","7":"category-culturayespectaculos","8":"tag-benja-torres","9":"tag-capitan-bermudez","10":"tag-domingo-15","11":"tag-predio-ferrocarril","12":"tag-turista"},"_links":{"self":[{"href":"https:\/\/www.noticiasmas.com.ar\/index.php\/wp-json\/wp\/v2\/posts\/21787","targetHints":{"allow":["GET"]}}],"collection":[{"href":"https:\/\/www.noticiasmas.com.ar\/index.php\/wp-json\/wp\/v2\/posts"}],"about":[{"href":"https:\/\/www.noticiasmas.com.ar\/index.php\/wp-json\/wp\/v2\/types\/post"}],"author":[{"embeddable":true,"href":"https:\/\/www.noticiasmas.com.ar\/index.php\/wp-json\/wp\/v2\/users\/5"}],"replies":[{"embeddable":true,"href":"https:\/\/www.noticiasmas.com.ar\/index.php\/wp-json\/wp\/v2\/comments?post=21787"}],"version-history":[{"count":1,"href":"https:\/\/www.noticiasmas.com.ar\/index.php\/wp-json\/wp\/v2\/posts\/21787\/revisions"}],"predecessor-version":[{"id":21789,"href":"https:\/\/www.noticiasmas.com.ar\/index.php\/wp-json\/wp\/v2\/posts\/21787\/revisions\/21789"}],"wp:featuredmedia":[{"embeddable":true,"href":"https:\/\/www.noticiasmas.com.ar\/index.php\/wp-json\/wp\/v2\/media\/21788"}],"wp:attachment":[{"href":"https:\/\/www.noticiasmas.com.ar\/index.php\/wp-json\/wp\/v2\/media?parent=21787"}],"wp:term":[{"taxonomy":"category","embeddable":true,"href":"https:\/\/www.noticiasmas.com.ar\/index.php\/wp-json\/wp\/v2\/categories?post=21787"},{"taxonomy":"post_tag","embeddable":true,"href":"https:\/\/www.noticiasmas.com.ar\/index.php\/wp-json\/wp\/v2\/tags?post=21787"}],"curies":[{"name":"wp","href":"https:\/\/api.w.org\/{rel}","templated":true}]}}