{"id":21790,"date":"2026-03-10T19:30:29","date_gmt":"2026-03-10T22:30:29","guid":{"rendered":"https:\/\/www.noticiasmas.com.ar\/?p=21790"},"modified":"2026-03-10T19:30:33","modified_gmt":"2026-03-10T22:30:33","slug":"puerto-general-san-martin-por-el-8m-colmo-de-espectadores-el-teatro-municipal-con-s-o-s-naci-mujer-y-las-juanas-una-herejia-cosmica","status":"publish","type":"post","link":"https:\/\/www.noticiasmas.com.ar\/index.php\/2026\/03\/10\/puerto-general-san-martin-por-el-8m-colmo-de-espectadores-el-teatro-municipal-con-s-o-s-naci-mujer-y-las-juanas-una-herejia-cosmica\/","title":{"rendered":"Puerto General San Mart\u00edn por el 8M colm\u00f3 de espectadores el Teatro municipal con \u201cS.O.S. Nac\u00ed Mujer\u201d y \u201cLas Juanas, una herej\u00eda c\u00f3smica\u201d"},"content":{"rendered":"\n<p>Las actividades programadas por el D\u00eda Internacional de la Mujer, que comenzaron en la primera semana de marzo, continuar\u00e1n hasta el viernes 13, con charlas-talleres en los barrios de la localidad a cargo de profesionales de la Secretar\u00eda de Desarrollo Social, Taller en el Museo del R\u00edo Paran\u00e1 y Cine en el Teatro municipal.<\/p>\n\n\n\n<p><strong>Carolina Papaleo present\u00f3 su obra \u201cS.O.S Nac\u00ed Mujer\u201d<\/strong><\/p>\n\n\n\n<p>Como parte de la nutrida agenda que propone el gobierno municipal por la conmemoraci\u00f3n del D\u00eda Internacional de la Mujer, las obras de teatro fueron uno de los puntos importantes. &#8220;Me sent\u00ed incre\u00edble, el p\u00fablico disfrut\u00f3 much\u00edsimo&#8221;, destac\u00f3 la artista al finalizar la funci\u00f3n.<\/p>\n\n\n\n<p>El unipersonal basado en su libro \u201cSer Mujer es Caro\u201d va describiendo las relaciones femeninas, con amigos, familia, pareja, jefes, los modelos mentales m\u00e1s arraigados donde ninguna mujer puede dejar de sentirse identificada ,y proponiendo un viaje en el que la risa y la emoci\u00f3n estuvieron a flor de piel.<\/p>\n\n\n\n<p>Tras la presentaci\u00f3n, Papaleo expres\u00f3 su gratitud por la calidez de los espectadores: \u201cMe sent\u00ed incre\u00edble, un p\u00fablico que se ha re\u00eddo y ha aplaudido un mont\u00f3n. Se ve que disfrutaron la funci\u00f3n y eso para m\u00ed es lo m\u00e1s importante\u201d. La actriz tambi\u00e9n elogi\u00f3 el Teatro de la ciudad \u201cestoy sorprendida, no esperaba encontrarme con este lugar\u201d, sostuvo.<\/p>\n\n\n\n<p>El Intendente Carlos De Grandis resalt\u00f3 la importancia de estos eventos \u201cApostar al arte y la cultura es prioritario, queremos que todos tengan las mismas oportunidades de acceder a estos eventos, sin costo de ingreso\u201d, se\u00f1al\u00f3.<\/p>\n\n\n\n<figure class=\"wp-block-image size-large\"><img loading=\"lazy\" decoding=\"async\" width=\"1024\" height=\"683\" src=\"https:\/\/www.noticiasmas.com.ar\/wp-content\/uploads\/2026\/03\/teatro-8m-1024x683.jpg\" alt=\"\" class=\"wp-image-21791\" srcset=\"https:\/\/www.noticiasmas.com.ar\/wp-content\/uploads\/2026\/03\/teatro-8m-1024x683.jpg 1024w, https:\/\/www.noticiasmas.com.ar\/wp-content\/uploads\/2026\/03\/teatro-8m-300x200.jpg 300w, https:\/\/www.noticiasmas.com.ar\/wp-content\/uploads\/2026\/03\/teatro-8m-768x512.jpg 768w, https:\/\/www.noticiasmas.com.ar\/wp-content\/uploads\/2026\/03\/teatro-8m-150x100.jpg 150w, https:\/\/www.noticiasmas.com.ar\/wp-content\/uploads\/2026\/03\/teatro-8m-696x464.jpg 696w, https:\/\/www.noticiasmas.com.ar\/wp-content\/uploads\/2026\/03\/teatro-8m-1068x712.jpg 1068w, https:\/\/www.noticiasmas.com.ar\/wp-content\/uploads\/2026\/03\/teatro-8m.jpg 1200w\" sizes=\"auto, (max-width: 1024px) 100vw, 1024px\" \/><\/figure>\n\n\n\n<p><strong>Las Juanas, Una Herej\u00eda C\u00f3smica<\/strong><\/p>\n\n\n\n<p>El domingo 8 de marzo, el mejor teatro rosarino desembarc\u00f3 en Puerto General San Mart\u00edn, con ingreso sin cargo vecinos de la ciudad y la regi\u00f3n disfrutaron del unipersonal escrito y protagonizado por Agustina Toia que hilvana fragmentos de la vida de ocho mujeres m\u00edticas de la historia occidental, de Juana de Arco a Juana Azurduy.<\/p>\n\n\n\n<p>Un unipersonal que lleva a escena fragmentos de la vida de ocho mujeres: las europeas, Juana de Arco, Juana Marturano, Juana La loca y la papisa Juana, conviven con las latinoamericanas, Juana Manso, Juana Azurduy, Juana de Ibarbourou y sor Juana In\u00e9s de la Cruz. A trav\u00e9s de un hilo invisible, hecho de m\u00fasica, palabras y un trabajo corporal impactante, el relato se va entrelazando sutilmente hasta formar una trama \u00fanica que se nutre a partir de lo que estas mujeres tienen en com\u00fan: la fuerza, la lucha, la imaginaci\u00f3n, los ideales. <\/p>\n\n\n\n<p>La obra surge de un trabajo de investigaci\u00f3n hist\u00f3rica pero tambi\u00e9n de una indagaci\u00f3n \u00edntima y personal de la dramaturga y directora Agustina Toia, que durante muchos a\u00f1os se form\u00f3 como actriz en Europa bajo la direcci\u00f3n de maestros y dramaturgos emblem\u00e1ticos como Eugenio Barba, Gennadi Bogdanov y Cathy Marchand, entre otros, fue recopilando todo lo que encontr\u00f3 en sus viajes sobre aquellas Juanas.<\/p>\n","protected":false},"excerpt":{"rendered":"<p>Las actividades programadas por el D\u00eda Internacional de la Mujer, que comenzaron en la primera semana de marzo, continuar\u00e1n hasta el viernes 13, con charlas-talleres en los barrios de la localidad a cargo de profesionales de la Secretar\u00eda de Desarrollo Social, Taller en el Museo del R\u00edo Paran\u00e1 y Cine en el Teatro municipal. Carolina [&hellip;]<\/p>\n","protected":false},"author":5,"featured_media":21792,"comment_status":"closed","ping_status":"open","sticky":false,"template":"","format":"standard","meta":{"tdm_status":"","tdm_grid_status":"","footnotes":""},"categories":[13],"tags":[6612,6610,52,6611,2564],"class_list":{"0":"post-21790","1":"post","2":"type-post","3":"status-publish","4":"format-standard","5":"has-post-thumbnail","7":"category-region","8":"tag-las-juanas","9":"tag-noches-de-teatro","10":"tag-puerto-san-martin","11":"tag-sos-naci-mujer","12":"tag-teatro-municipal"},"_links":{"self":[{"href":"https:\/\/www.noticiasmas.com.ar\/index.php\/wp-json\/wp\/v2\/posts\/21790","targetHints":{"allow":["GET"]}}],"collection":[{"href":"https:\/\/www.noticiasmas.com.ar\/index.php\/wp-json\/wp\/v2\/posts"}],"about":[{"href":"https:\/\/www.noticiasmas.com.ar\/index.php\/wp-json\/wp\/v2\/types\/post"}],"author":[{"embeddable":true,"href":"https:\/\/www.noticiasmas.com.ar\/index.php\/wp-json\/wp\/v2\/users\/5"}],"replies":[{"embeddable":true,"href":"https:\/\/www.noticiasmas.com.ar\/index.php\/wp-json\/wp\/v2\/comments?post=21790"}],"version-history":[{"count":1,"href":"https:\/\/www.noticiasmas.com.ar\/index.php\/wp-json\/wp\/v2\/posts\/21790\/revisions"}],"predecessor-version":[{"id":21793,"href":"https:\/\/www.noticiasmas.com.ar\/index.php\/wp-json\/wp\/v2\/posts\/21790\/revisions\/21793"}],"wp:featuredmedia":[{"embeddable":true,"href":"https:\/\/www.noticiasmas.com.ar\/index.php\/wp-json\/wp\/v2\/media\/21792"}],"wp:attachment":[{"href":"https:\/\/www.noticiasmas.com.ar\/index.php\/wp-json\/wp\/v2\/media?parent=21790"}],"wp:term":[{"taxonomy":"category","embeddable":true,"href":"https:\/\/www.noticiasmas.com.ar\/index.php\/wp-json\/wp\/v2\/categories?post=21790"},{"taxonomy":"post_tag","embeddable":true,"href":"https:\/\/www.noticiasmas.com.ar\/index.php\/wp-json\/wp\/v2\/tags?post=21790"}],"curies":[{"name":"wp","href":"https:\/\/api.w.org\/{rel}","templated":true}]}}