{"id":21804,"date":"2026-03-11T21:34:49","date_gmt":"2026-03-12T00:34:49","guid":{"rendered":"https:\/\/www.noticiasmas.com.ar\/?p=21804"},"modified":"2026-03-11T21:34:54","modified_gmt":"2026-03-12T00:34:54","slug":"puerto-san-martin-el-hotel-ibis-sera-sede-de-un-oulet-de-grandes-marcas","status":"publish","type":"post","link":"https:\/\/www.noticiasmas.com.ar\/index.php\/2026\/03\/11\/puerto-san-martin-el-hotel-ibis-sera-sede-de-un-oulet-de-grandes-marcas\/","title":{"rendered":"Puerto San Mart\u00edn: El hotel Ibis ser\u00e1 sede de un oulet de grandes marcas"},"content":{"rendered":"\n<p>Recientemente inaugurado a la vera de la Autopista Rosario &#8211; Santa Fe en la ciudad de Puerto San Mart\u00edn, el Hotel Ibis, propiedad de la cadena internacional francesa Accor, ya es uno de los alojamientos m\u00e1s elegidos por los viajeros y turistas que llegan o pasan por esta parte de la provincia de Santa Fe. Prepara para el fin de semana del 27 al 29 de marzo una Gran Oulet de Grandes Marcas.<\/p>\n\n\n\n<p>Para la oportunidad los fabricantes m\u00e1s reconocidos de indumentaria de la regi\u00f3n preparan un evento en donde presentar\u00e1n la temporada oto\u00f1o invierno, adem\u00e1s de sus productos m\u00e1s conocidos, ofertas y promociones, con precios realmente muy atractivos.<\/p>\n\n\n\n<p>El Sal\u00f3n de Eventos &amp; Convenciones de Hotel Ibis de Puerto San Mart\u00edn, fue el elegido para el desarrollo del evento, previsto los d\u00edas viernes 27, s\u00e1bado 28 y domingo 29 de marzo, de 12 a 19 hs con entrada libre y gratuita.<\/p>\n\n\n\n<p>Al evento comprometieron su presencia y con un amplio stock productos y precios de promoci\u00f3n; This Week, Oassian, S\u00f3lido, Archie Reiton, Gufo, Harfield, Vandalia y San Marino. <\/p>\n\n\n\n<p>Adem\u00e1s, los asistentes podr\u00e1n disfrutar del servicio de gastronom\u00eda variada, de calidad y con precios muy accesibles que ofrece el hotel, entre almuerzos, meriendas y cenas. Vale recordar que no es necesario estar alojado en el hotel para poder disfrutar de la gastronom\u00eda del lugar, ya que permanece abierto durante todo el d\u00eda y ofrecen desde desayunos hasta cenas.<\/p>\n\n\n\n<p>Desde el Ibis informaron que este evento es el primero de muchos que tienen programados a lo largo de todo el a\u00f1o y que ir\u00e1n informando a su debido momento, al tiempo que comunicaron que el Sal\u00f3n de Eventos y Convenciones est\u00e1 disponible para empresas o reuniones varias.<\/p>\n\n\n\n<figure class=\"wp-block-image size-large\"><img loading=\"lazy\" decoding=\"async\" width=\"1024\" height=\"683\" src=\"https:\/\/www.noticiasmas.com.ar\/wp-content\/uploads\/2026\/03\/hotel-ibis-1024x683.jpg\" alt=\"\" class=\"wp-image-21805\" srcset=\"https:\/\/www.noticiasmas.com.ar\/wp-content\/uploads\/2026\/03\/hotel-ibis-1024x683.jpg 1024w, https:\/\/www.noticiasmas.com.ar\/wp-content\/uploads\/2026\/03\/hotel-ibis-300x200.jpg 300w, https:\/\/www.noticiasmas.com.ar\/wp-content\/uploads\/2026\/03\/hotel-ibis-768x512.jpg 768w, https:\/\/www.noticiasmas.com.ar\/wp-content\/uploads\/2026\/03\/hotel-ibis-150x100.jpg 150w, https:\/\/www.noticiasmas.com.ar\/wp-content\/uploads\/2026\/03\/hotel-ibis-696x464.jpg 696w, https:\/\/www.noticiasmas.com.ar\/wp-content\/uploads\/2026\/03\/hotel-ibis-1068x712.jpg 1068w, https:\/\/www.noticiasmas.com.ar\/wp-content\/uploads\/2026\/03\/hotel-ibis.jpg 1200w\" sizes=\"auto, (max-width: 1024px) 100vw, 1024px\" \/><\/figure>\n\n\n\n<p><\/p>\n","protected":false},"excerpt":{"rendered":"<p>Recientemente inaugurado a la vera de la Autopista Rosario &#8211; Santa Fe en la ciudad de Puerto San Mart\u00edn, el Hotel Ibis, propiedad de la cadena internacional francesa Accor, ya es uno de los alojamientos m\u00e1s elegidos por los viajeros y turistas que llegan o pasan por esta parte de la provincia de Santa Fe. [&hellip;]<\/p>\n","protected":false},"author":5,"featured_media":21806,"comment_status":"closed","ping_status":"open","sticky":false,"template":"","format":"standard","meta":{"tdm_status":"","tdm_grid_status":"","footnotes":""},"categories":[13],"tags":[6620,6618,6619,1239,52],"class_list":{"0":"post-21804","1":"post","2":"type-post","3":"status-publish","4":"format-standard","5":"has-post-thumbnail","7":"category-region","8":"tag-del-27-al-29-de-marzo","9":"tag-gran-oulet","10":"tag-grandes-marcas","11":"tag-hotel-ibis","12":"tag-puerto-san-martin"},"_links":{"self":[{"href":"https:\/\/www.noticiasmas.com.ar\/index.php\/wp-json\/wp\/v2\/posts\/21804","targetHints":{"allow":["GET"]}}],"collection":[{"href":"https:\/\/www.noticiasmas.com.ar\/index.php\/wp-json\/wp\/v2\/posts"}],"about":[{"href":"https:\/\/www.noticiasmas.com.ar\/index.php\/wp-json\/wp\/v2\/types\/post"}],"author":[{"embeddable":true,"href":"https:\/\/www.noticiasmas.com.ar\/index.php\/wp-json\/wp\/v2\/users\/5"}],"replies":[{"embeddable":true,"href":"https:\/\/www.noticiasmas.com.ar\/index.php\/wp-json\/wp\/v2\/comments?post=21804"}],"version-history":[{"count":1,"href":"https:\/\/www.noticiasmas.com.ar\/index.php\/wp-json\/wp\/v2\/posts\/21804\/revisions"}],"predecessor-version":[{"id":21807,"href":"https:\/\/www.noticiasmas.com.ar\/index.php\/wp-json\/wp\/v2\/posts\/21804\/revisions\/21807"}],"wp:featuredmedia":[{"embeddable":true,"href":"https:\/\/www.noticiasmas.com.ar\/index.php\/wp-json\/wp\/v2\/media\/21806"}],"wp:attachment":[{"href":"https:\/\/www.noticiasmas.com.ar\/index.php\/wp-json\/wp\/v2\/media?parent=21804"}],"wp:term":[{"taxonomy":"category","embeddable":true,"href":"https:\/\/www.noticiasmas.com.ar\/index.php\/wp-json\/wp\/v2\/categories?post=21804"},{"taxonomy":"post_tag","embeddable":true,"href":"https:\/\/www.noticiasmas.com.ar\/index.php\/wp-json\/wp\/v2\/tags?post=21804"}],"curies":[{"name":"wp","href":"https:\/\/api.w.org\/{rel}","templated":true}]}}