{"id":21811,"date":"2026-03-13T07:33:45","date_gmt":"2026-03-13T10:33:45","guid":{"rendered":"https:\/\/www.noticiasmas.com.ar\/?p=21811"},"modified":"2026-03-13T07:33:49","modified_gmt":"2026-03-13T10:33:49","slug":"amsafe-visibilizo-el-reclamo-de-miles-de-docentes-en-las-calles-del-cordon-industrial","status":"publish","type":"post","link":"https:\/\/www.noticiasmas.com.ar\/index.php\/2026\/03\/13\/amsafe-visibilizo-el-reclamo-de-miles-de-docentes-en-las-calles-del-cordon-industrial\/","title":{"rendered":"AMSAFE VISIBILIZ\u00d3 EL RECLAMO DE MILES DE DOCENTES EN LAS CALLES DEL CORD\u00d3N INDUSTRIAL"},"content":{"rendered":"\n<p>El gremio docente AMSAFE llev\u00f3 adelante este jueves una jornada provincial de protesta en distintos puntos de Santa Fe para visibilizar la situaci\u00f3n que atraviesa la docencia y reclamar respuestas al gobierno provincial. La medida se desarroll\u00f3 en escuelas y espacios p\u00fablicos, donde las y los docentes se manifestaron junto a integrantes de la comunidad educativa en defensa de la educaci\u00f3n p\u00fablica y de sus condiciones laborales.<\/p>\n\n\n\n<p>En San Lorenzo, el punto de encuentro fue la esquina de Avenida San Mart\u00edn y Avenida del Combate, donde en cada sem\u00e1foro visibilizaron el reclamo que vienen llevando adelante desde el comienzo de la partiaria 2026. <\/p>\n\n\n\n<p>Desde el sindicato se\u00f1alaron que la jornada tuvo como objetivo expresar con firmeza los reclamos del sector ante lo que consideran una p\u00e9rdida sostenida del poder adquisitivo y la falta de respuestas concretas a los problemas que afectan al sistema educativo. En ese marco, insistieron en la necesidad de reactivar mecanismos que permitan resguardar los salarios frente al avance de la inflaci\u00f3n.<\/p>\n\n\n\n<p>Entre los principales planteos, el gremio volvi\u00f3 a exigir la aplicaci\u00f3n de la cl\u00e1usula gatillo para evitar que los sueldos docentes contin\u00faen deterior\u00e1ndose. Tambi\u00e9n reclamaron una recomposici\u00f3n salarial que garantice que ning\u00fan trabajador de la educaci\u00f3n perciba ingresos por debajo de la l\u00ednea de pobreza, as\u00ed como aumentos salariales en blanco que alcancen tanto a docentes en actividad como a jubilados.<\/p>\n\n\n\n<p>Asimismo, desde el sindicato reclamaron el pago inmediato de los aumentos correspondientes a jubiladas y jubilados y reiteraron su rechazo al denominado aporte solidario que actualmente deben abonar. En el plano laboral, solicitaron garantizar los concursos, los traslados y el desarrollo de la carrera docente sin interrupciones, adem\u00e1s de mayor transparencia en el funcionamiento de la Junta M\u00e9dica.<\/p>\n\n\n\n<p>Otro de los puntos planteados fue la necesidad de asegurar el normal funcionamiento y todas las prestaciones de la obra social IAPOS, a la vez que manifestaron su rechazo al presentismo y a la reforma jubilatoria. Tambi\u00e9n cuestionaron el cierre unilateral de la paritaria docente.<\/p>\n\n\n\n<p><\/p>\n","protected":false},"excerpt":{"rendered":"<p>El gremio docente AMSAFE llev\u00f3 adelante este jueves una jornada provincial de protesta en distintos puntos de Santa Fe para visibilizar la situaci\u00f3n que atraviesa la docencia y reclamar respuestas al gobierno provincial. La medida se desarroll\u00f3 en escuelas y espacios p\u00fablicos, donde las y los docentes se manifestaron junto a integrantes de la comunidad [&hellip;]<\/p>\n","protected":false},"author":9,"featured_media":21812,"comment_status":"closed","ping_status":"open","sticky":false,"template":"","format":"standard","meta":{"tdm_status":"","tdm_grid_status":"","footnotes":""},"categories":[13],"tags":[800,226,39,58],"class_list":{"0":"post-21811","1":"post","2":"type-post","3":"status-publish","4":"format-standard","5":"has-post-thumbnail","7":"category-region","8":"tag-amsafe","9":"tag-gremiales","10":"tag-politica","11":"tag-san-lorenzo"},"_links":{"self":[{"href":"https:\/\/www.noticiasmas.com.ar\/index.php\/wp-json\/wp\/v2\/posts\/21811","targetHints":{"allow":["GET"]}}],"collection":[{"href":"https:\/\/www.noticiasmas.com.ar\/index.php\/wp-json\/wp\/v2\/posts"}],"about":[{"href":"https:\/\/www.noticiasmas.com.ar\/index.php\/wp-json\/wp\/v2\/types\/post"}],"author":[{"embeddable":true,"href":"https:\/\/www.noticiasmas.com.ar\/index.php\/wp-json\/wp\/v2\/users\/9"}],"replies":[{"embeddable":true,"href":"https:\/\/www.noticiasmas.com.ar\/index.php\/wp-json\/wp\/v2\/comments?post=21811"}],"version-history":[{"count":1,"href":"https:\/\/www.noticiasmas.com.ar\/index.php\/wp-json\/wp\/v2\/posts\/21811\/revisions"}],"predecessor-version":[{"id":21813,"href":"https:\/\/www.noticiasmas.com.ar\/index.php\/wp-json\/wp\/v2\/posts\/21811\/revisions\/21813"}],"wp:featuredmedia":[{"embeddable":true,"href":"https:\/\/www.noticiasmas.com.ar\/index.php\/wp-json\/wp\/v2\/media\/21812"}],"wp:attachment":[{"href":"https:\/\/www.noticiasmas.com.ar\/index.php\/wp-json\/wp\/v2\/media?parent=21811"}],"wp:term":[{"taxonomy":"category","embeddable":true,"href":"https:\/\/www.noticiasmas.com.ar\/index.php\/wp-json\/wp\/v2\/categories?post=21811"},{"taxonomy":"post_tag","embeddable":true,"href":"https:\/\/www.noticiasmas.com.ar\/index.php\/wp-json\/wp\/v2\/tags?post=21811"}],"curies":[{"name":"wp","href":"https:\/\/api.w.org\/{rel}","templated":true}]}}