{"id":21814,"date":"2026-03-13T07:42:06","date_gmt":"2026-03-13T10:42:06","guid":{"rendered":"https:\/\/www.noticiasmas.com.ar\/?p=21814"},"modified":"2026-03-13T07:42:11","modified_gmt":"2026-03-13T10:42:11","slug":"se-aprobo-por-unanimidad-la-nueva-ley-organica-de-municipalidades-en-la-legislatura-de-santa-fe","status":"publish","type":"post","link":"https:\/\/www.noticiasmas.com.ar\/index.php\/2026\/03\/13\/se-aprobo-por-unanimidad-la-nueva-ley-organica-de-municipalidades-en-la-legislatura-de-santa-fe\/","title":{"rendered":"Se aprob\u00f3 por unanimidad la nueva Ley Org\u00e1nica de Municipalidades en la Legislatura de Santa Fe"},"content":{"rendered":"\n<p><br>En el recinto de la C\u00e1mara de Senadores de la Provincia de Santa Fe se llev\u00f3 a cabo la Sesi\u00f3n Ordinaria N\u00b02 del Per\u00edodo 144. La misma fue presidida por el Presidente Provisional y Senador por San Crist\u00f3bal, Felipe Michlig.<\/p>\n\n\n\n<p>En la Sesi\u00f3n, por pedido del Senador por el departamento San Justo, Rodrigo Borla, se alter\u00f3 el orden para tratar primeramente el proyecto de la Nueva Ley Org\u00e1nica de Municipios, unificando el Expediente enviado por el Poder Ejecutivo (Mensaje N\u00b051) y el Expediente del Bloque Justicialista. El mismo obtuvo media sanci\u00f3n y fue enviado a la C\u00e1mara de Diputadas y Diputados, donde se le otorg\u00f3 una preferencia para dos sesiones.<\/p>\n\n\n\n<p>El presidente provisional del Senado, Felipe Michlig, destac\u00f3 la importancia de la aprobaci\u00f3n del proyecto y se\u00f1al\u00f3: \u201cEs una de las leyes importantes que empezamos a sancionar para cumplir con lo que dispuso la nueva Constituci\u00f3n provincial\u201d. En ese sentido, remarc\u00f3 que \u201cvamos a tener una ley \u00fanica para los 365 municipios de la provincia de Santa Fe\u201d, y agreg\u00f3 que la iniciativa tambi\u00e9n responde a una demanda social vinculada a la modernizaci\u00f3n del sistema institucional: \u201cEstamos dando respuesta a las exigencias de la sociedad, que es bajarle los costos a la actividad pol\u00edtica\u201d.<\/p>\n\n\n\n<p>Por su parte, el senador Rodrigo Borla subray\u00f3 que \u201cvotamos una ley que es un mandato constitucional de la reforma del a\u00f1o 2025 y que cuenta con 111 art\u00edculos\u201d. Asimismo, explic\u00f3 que \u201cesta ley viene a cambiar la estructura institucional de los municipios en toda la provincia de Santa Fe\u201d, y resalt\u00f3 que en su contenido \u201cquedan plasmados muchos derechos, entre ellos los de tercera y cuarta generaci\u00f3n, as\u00ed como tambi\u00e9n derechos vinculados a la coparticipaci\u00f3n\u201d. Finalmente, agradeci\u00f3 \u201ca todas las instituciones que acercaron sus inquietudes y valoraciones durante el proceso de debate del proyecto\u201d.<\/p>\n\n\n\n<p>A su turno, el senador de Las Colonias, Rub\u00e9n Pirola expres\u00f3: \u201cAcompa\u00f1amos este proyecto y agradezco a todo el equipo de asesores de esta C\u00e1mara, as\u00ed como a los senadores, por el trabajo y el di\u00e1logo que hicieron posible este resultado\u201d. En esa l\u00ednea, sostuvo que \u201cse construy\u00f3 una ley con el trabajo de todos, que refleja las miradas tanto del oficialismo como de la oposici\u00f3n\u201d.<\/p>\n\n\n\n<p>El senador por San Mart\u00edn, Esteban Motta, en tanto, consider\u00f3 que la iniciativa representa un paso relevante en el proceso de adecuaci\u00f3n normativa tras la reforma constitucional. \u201cEs una de las primeras grandes leyes que surgen de la reforma de la Constituci\u00f3n provincial y refleja el esp\u00edritu de la Convenci\u00f3n Constituyente\u201d, afirm\u00f3. Adem\u00e1s, valor\u00f3 que \u201chaya sido votada por unanimidad, fruto del debate, el respeto y el consenso\u201d, y concluy\u00f3 que \u201cestamos dando un salto de calidad institucional,&nbsp;si todos los municipios adhieren a la nueva estructura municipal bajar\u00edamos la cantidad de concejales de 448 a 360\u201d.<\/p>\n\n\n\n<p>Posteriormente, en el momento de realizar homenajes y manifestaciones, el Senador por el departamento 9 de julio, Ra\u00fal Gramajo, solicit\u00f3 un minuto de silencio por el reciente fallecimiento del periodista parlamentario Horacio Pucheta.<\/p>\n\n\n\n<p>El Presidente Provisional del Senado anunci\u00f3 adem\u00e1s que recibir\u00e1n el pr\u00f3ximo mi\u00e9rcoles 18 de marzo a las 15 hs a los Ministros de Gobierno e Innovaci\u00f3n, Fabi\u00e1n Bast\u00eda, de Econom\u00eda, Pablo Olivares, de Seguridad y Justicia, Pablo Cococcioni y de Igualdad y Desarrollo Social, Victoria Tejeda, para intercambiar opiniones sobre el proyecto de la diputada Ximena Sola, para que la Provincia adhiera a la Ley Nacional 27.786 &#8211; Organizaciones Criminales; el proyecto del Senador por Rosario, Ciro Seisas, sobre la prohibici\u00f3n en todo el territorio de la Provincia de toda conducta o actividad relacionada al cuidado de veh\u00edculos en la v\u00eda p\u00fablica; y el Mensaje del Poder Ejecutivo para modificar el art\u00edculo 66 de la Ley 14.228 referente al C\u00f3digo Procesal Penal Juvenil.<\/p>\n","protected":false},"excerpt":{"rendered":"<p>En el recinto de la C\u00e1mara de Senadores de la Provincia de Santa Fe se llev\u00f3 a cabo la Sesi\u00f3n Ordinaria N\u00b02 del Per\u00edodo 144. La misma fue presidida por el Presidente Provisional y Senador por San Crist\u00f3bal, Felipe Michlig. En la Sesi\u00f3n, por pedido del Senador por el departamento San Justo, Rodrigo Borla, se [&hellip;]<\/p>\n","protected":false},"author":9,"featured_media":21815,"comment_status":"closed","ping_status":"open","sticky":false,"template":"","format":"standard","meta":{"tdm_status":"","tdm_grid_status":"","footnotes":""},"categories":[8],"tags":[6623,18],"class_list":{"0":"post-21814","1":"post","2":"type-post","3":"status-publish","4":"format-standard","5":"has-post-thumbnail","7":"category-politica","8":"tag-ley-organica-de-municipalidades","9":"tag-santa-fe"},"_links":{"self":[{"href":"https:\/\/www.noticiasmas.com.ar\/index.php\/wp-json\/wp\/v2\/posts\/21814","targetHints":{"allow":["GET"]}}],"collection":[{"href":"https:\/\/www.noticiasmas.com.ar\/index.php\/wp-json\/wp\/v2\/posts"}],"about":[{"href":"https:\/\/www.noticiasmas.com.ar\/index.php\/wp-json\/wp\/v2\/types\/post"}],"author":[{"embeddable":true,"href":"https:\/\/www.noticiasmas.com.ar\/index.php\/wp-json\/wp\/v2\/users\/9"}],"replies":[{"embeddable":true,"href":"https:\/\/www.noticiasmas.com.ar\/index.php\/wp-json\/wp\/v2\/comments?post=21814"}],"version-history":[{"count":1,"href":"https:\/\/www.noticiasmas.com.ar\/index.php\/wp-json\/wp\/v2\/posts\/21814\/revisions"}],"predecessor-version":[{"id":21816,"href":"https:\/\/www.noticiasmas.com.ar\/index.php\/wp-json\/wp\/v2\/posts\/21814\/revisions\/21816"}],"wp:featuredmedia":[{"embeddable":true,"href":"https:\/\/www.noticiasmas.com.ar\/index.php\/wp-json\/wp\/v2\/media\/21815"}],"wp:attachment":[{"href":"https:\/\/www.noticiasmas.com.ar\/index.php\/wp-json\/wp\/v2\/media?parent=21814"}],"wp:term":[{"taxonomy":"category","embeddable":true,"href":"https:\/\/www.noticiasmas.com.ar\/index.php\/wp-json\/wp\/v2\/categories?post=21814"},{"taxonomy":"post_tag","embeddable":true,"href":"https:\/\/www.noticiasmas.com.ar\/index.php\/wp-json\/wp\/v2\/tags?post=21814"}],"curies":[{"name":"wp","href":"https:\/\/api.w.org\/{rel}","templated":true}]}}