{"id":21817,"date":"2026-03-13T07:47:24","date_gmt":"2026-03-13T10:47:24","guid":{"rendered":"https:\/\/www.noticiasmas.com.ar\/?p=21817"},"modified":"2026-03-13T07:47:28","modified_gmt":"2026-03-13T10:47:28","slug":"la-rosca-oficialista-en-santa-fe-dejo-sin-tratamiento-el-proyecto-para-prohibir-los-trapitos","status":"publish","type":"post","link":"https:\/\/www.noticiasmas.com.ar\/index.php\/2026\/03\/13\/la-rosca-oficialista-en-santa-fe-dejo-sin-tratamiento-el-proyecto-para-prohibir-los-trapitos\/","title":{"rendered":"La rosca oficialista en Santa Fe dej\u00f3 sin tratamiento el proyecto para &#8220;prohibir los trapitos&#8221;"},"content":{"rendered":"\n<p>La C\u00e1mara de Senadores de Santa Fe posterg\u00f3 el debate del proyecto que busca prohibir la actividad de cuidacoches y lavadores informales en todo el territorio provincial. La iniciativa, presentada por el senador del departamento Rosario, Ciro Seisas, ten\u00eda prioridad para ser tratada en la sesi\u00f3n de este jueves, pero curiosamente, finalmente los legisladores optaron por extender el an\u00e1lisis para revisar aspectos t\u00e9cnicos y legales de la propuesta.<\/p>\n\n\n\n<p>El proyecto apunta a eliminar la actividad de quienes trabajan en la v\u00eda p\u00fablica sin autorizaci\u00f3n, una problem\u00e1tica que genera conflictos frecuentes en ciudades como Rosario y Santa Fe. Aunque existe coincidencia entre los distintos bloques sobre la necesidad de ordenar el uso del espacio p\u00fablico, todav\u00eda persisten diferencias en torno a la redacci\u00f3n final de la norma.<\/p>\n\n\n\n<p>Seisas, a modo de &#8220;cr\u00edtica&#8221;, decidi\u00f3 no participar del resto de la sesi\u00f3n donde se termin\u00f3 aprobando, por ejemplo, la nueva Ley Org\u00e1nica de Municipalidades. <\/p>\n\n\n\n<p>Seisas hab\u00eda se\u00f1alado que una ley provincial permitir\u00eda establecer un marco claro para todo el territorio. Seg\u00fan explic\u00f3, la medida busca brindar respaldo a los municipios que intenten recuperar el control del espacio p\u00fablico y aplicar criterios uniformes para enfrentar la problem\u00e1tica.<\/p>\n\n\n\n<p>Uno de los puntos centrales del debate gira en torno a la potestad de la provincia para legislar sobre esta actividad. Algunos legisladores plantean que la regulaci\u00f3n podr\u00eda corresponder a los municipios, especialmente en un contexto en el que las ciudades avanzan hacia la redacci\u00f3n de sus propias cartas org\u00e1nicas.<\/p>\n\n\n\n<p>El proyecto propone modificar el C\u00f3digo Contravencional provincial para establecer sanciones contra quienes ejerzan la actividad de manera informal. Entre las medidas previstas se incluyen multas y arrestos de hasta cinco d\u00edas para los casos de reincidencia.<\/p>\n\n\n\n<p>El pr\u00f3ximo mi\u00e9rcoles los senadores est\u00e1n convocados para debatir este proyecto, el cual tiene mucha trascendencia medi\u00e1tica propiciada por el intendente de Rosario, Pablo Javkin, pero que no encuentra apoyo pol\u00edtico en el resto de la Legislatura. <\/p>\n\n\n\n<p><\/p>\n","protected":false},"excerpt":{"rendered":"<p>La C\u00e1mara de Senadores de Santa Fe posterg\u00f3 el debate del proyecto que busca prohibir la actividad de cuidacoches y lavadores informales en todo el territorio provincial. La iniciativa, presentada por el senador del departamento Rosario, Ciro Seisas, ten\u00eda prioridad para ser tratada en la sesi\u00f3n de este jueves, pero curiosamente, finalmente los legisladores optaron [&hellip;]<\/p>\n","protected":false},"author":9,"featured_media":21818,"comment_status":"closed","ping_status":"open","sticky":false,"template":"","format":"standard","meta":{"tdm_status":"","tdm_grid_status":"","footnotes":""},"categories":[8],"tags":[161,163,18,2373],"class_list":{"0":"post-21817","1":"post","2":"type-post","3":"status-publish","4":"format-standard","5":"has-post-thumbnail","7":"category-politica","8":"tag-legislatura","9":"tag-rosario","10":"tag-santa-fe","11":"tag-trapitos"},"_links":{"self":[{"href":"https:\/\/www.noticiasmas.com.ar\/index.php\/wp-json\/wp\/v2\/posts\/21817","targetHints":{"allow":["GET"]}}],"collection":[{"href":"https:\/\/www.noticiasmas.com.ar\/index.php\/wp-json\/wp\/v2\/posts"}],"about":[{"href":"https:\/\/www.noticiasmas.com.ar\/index.php\/wp-json\/wp\/v2\/types\/post"}],"author":[{"embeddable":true,"href":"https:\/\/www.noticiasmas.com.ar\/index.php\/wp-json\/wp\/v2\/users\/9"}],"replies":[{"embeddable":true,"href":"https:\/\/www.noticiasmas.com.ar\/index.php\/wp-json\/wp\/v2\/comments?post=21817"}],"version-history":[{"count":1,"href":"https:\/\/www.noticiasmas.com.ar\/index.php\/wp-json\/wp\/v2\/posts\/21817\/revisions"}],"predecessor-version":[{"id":21819,"href":"https:\/\/www.noticiasmas.com.ar\/index.php\/wp-json\/wp\/v2\/posts\/21817\/revisions\/21819"}],"wp:featuredmedia":[{"embeddable":true,"href":"https:\/\/www.noticiasmas.com.ar\/index.php\/wp-json\/wp\/v2\/media\/21818"}],"wp:attachment":[{"href":"https:\/\/www.noticiasmas.com.ar\/index.php\/wp-json\/wp\/v2\/media?parent=21817"}],"wp:term":[{"taxonomy":"category","embeddable":true,"href":"https:\/\/www.noticiasmas.com.ar\/index.php\/wp-json\/wp\/v2\/categories?post=21817"},{"taxonomy":"post_tag","embeddable":true,"href":"https:\/\/www.noticiasmas.com.ar\/index.php\/wp-json\/wp\/v2\/tags?post=21817"}],"curies":[{"name":"wp","href":"https:\/\/api.w.org\/{rel}","templated":true}]}}