{"id":21823,"date":"2026-03-13T09:57:38","date_gmt":"2026-03-13T12:57:38","guid":{"rendered":"https:\/\/www.noticiasmas.com.ar\/?p=21823"},"modified":"2026-03-13T09:59:43","modified_gmt":"2026-03-13T12:59:43","slug":"fray-luis-beltran-puesta-en-valor-de-bv-urquiza","status":"publish","type":"post","link":"https:\/\/www.noticiasmas.com.ar\/index.php\/2026\/03\/13\/fray-luis-beltran-puesta-en-valor-de-bv-urquiza\/","title":{"rendered":"Fray Luis Beltr\u00e1n: Puesta en valor de Bv. Urquiza"},"content":{"rendered":"\n<p>La Municipalidad de Fray Luis Beltr\u00e1n contin\u00faa impulsando obras que mejoran la infraestructura urbana de la ciudad. En este marco, se iniciaron los trabajos de pavimentaci\u00f3n y puesta en valor del Boulevard Urquiza, una de las v\u00edas m\u00e1s importantes para la circulaci\u00f3n en la zona.<\/p>\n\n\n\n<p>El intendente Mariano Cominelli y el presidente del Concejo Municipal, Mart\u00edn Pallares, estuvieron presentes en el lugar para observar el comienzo de las tareas y dialogar sobre el avance del proyecto.<\/p>\n\n\n\n<p>La intervenci\u00f3n comprende alrededor de 900 metros de calzada, donde se realizar\u00e1n trabajos de pavimento y cord\u00f3n cuneta en esta arteria de doble mano, que conecta el barrio Retiro con sectores muy transitados como el acceso al Camping Municipal y la bajada hacia Quinta Zalaya.<\/p>\n\n\n\n<p>&#8220;Esta obra se lleva adelante con financiamiento del Fondo de Obras Menores y recursos municipales, y forma parte de las acciones que buscan mejorar la transitabilidad y la calidad de vida de los vecinos y vecinas de la ciudad&#8221;, afirmo el intendente municipal.<\/p>\n","protected":false},"excerpt":{"rendered":"<p>La Municipalidad de Fray Luis Beltr\u00e1n contin\u00faa impulsando obras que mejoran la infraestructura urbana de la ciudad. En este marco, se iniciaron los trabajos de pavimentaci\u00f3n y puesta en valor del Boulevard Urquiza, una de las v\u00edas m\u00e1s importantes para la circulaci\u00f3n en la zona. El intendente Mariano Cominelli y el presidente del Concejo Municipal, [&hellip;]<\/p>\n","protected":false},"author":5,"featured_media":21824,"comment_status":"closed","ping_status":"open","sticky":false,"template":"","format":"standard","meta":{"tdm_status":"","tdm_grid_status":"","footnotes":""},"categories":[13],"tags":[2226,6625,335,1259],"class_list":{"0":"post-21823","1":"post","2":"type-post","3":"status-publish","4":"format-standard","5":"has-post-thumbnail","7":"category-region","8":"tag-asfaltado","9":"tag-bv-urquiza","10":"tag-fray-luis-beltran","11":"tag-remodelacion"},"_links":{"self":[{"href":"https:\/\/www.noticiasmas.com.ar\/index.php\/wp-json\/wp\/v2\/posts\/21823","targetHints":{"allow":["GET"]}}],"collection":[{"href":"https:\/\/www.noticiasmas.com.ar\/index.php\/wp-json\/wp\/v2\/posts"}],"about":[{"href":"https:\/\/www.noticiasmas.com.ar\/index.php\/wp-json\/wp\/v2\/types\/post"}],"author":[{"embeddable":true,"href":"https:\/\/www.noticiasmas.com.ar\/index.php\/wp-json\/wp\/v2\/users\/5"}],"replies":[{"embeddable":true,"href":"https:\/\/www.noticiasmas.com.ar\/index.php\/wp-json\/wp\/v2\/comments?post=21823"}],"version-history":[{"count":2,"href":"https:\/\/www.noticiasmas.com.ar\/index.php\/wp-json\/wp\/v2\/posts\/21823\/revisions"}],"predecessor-version":[{"id":21827,"href":"https:\/\/www.noticiasmas.com.ar\/index.php\/wp-json\/wp\/v2\/posts\/21823\/revisions\/21827"}],"wp:featuredmedia":[{"embeddable":true,"href":"https:\/\/www.noticiasmas.com.ar\/index.php\/wp-json\/wp\/v2\/media\/21824"}],"wp:attachment":[{"href":"https:\/\/www.noticiasmas.com.ar\/index.php\/wp-json\/wp\/v2\/media?parent=21823"}],"wp:term":[{"taxonomy":"category","embeddable":true,"href":"https:\/\/www.noticiasmas.com.ar\/index.php\/wp-json\/wp\/v2\/categories?post=21823"},{"taxonomy":"post_tag","embeddable":true,"href":"https:\/\/www.noticiasmas.com.ar\/index.php\/wp-json\/wp\/v2\/tags?post=21823"}],"curies":[{"name":"wp","href":"https:\/\/api.w.org\/{rel}","templated":true}]}}