{"id":21831,"date":"2026-03-13T11:05:07","date_gmt":"2026-03-13T14:05:07","guid":{"rendered":"https:\/\/www.noticiasmas.com.ar\/?p=21831"},"modified":"2026-03-13T11:05:11","modified_gmt":"2026-03-13T14:05:11","slug":"beltran-brinda-herramientas-tecnologicas-inteligencia-artificial-y-marketing","status":"publish","type":"post","link":"https:\/\/www.noticiasmas.com.ar\/index.php\/2026\/03\/13\/beltran-brinda-herramientas-tecnologicas-inteligencia-artificial-y-marketing\/","title":{"rendered":"Beltr\u00e1n brinda herramientas tecnol\u00f3gicas, inteligencia artificial y marketing"},"content":{"rendered":"\n<p>Se realiz\u00f3 en la Casa del Bicentenario de Fray Luis Beltr\u00e1n el Laboratorio de Contenidos, un espacio de capacitaci\u00f3n orientado al marketing digital, la comunicaci\u00f3n, el dise\u00f1o y el uso de herramientas de inteligencia artificial.<\/p>\n\n\n\n<p>Durante el encuentro, vecinos y vecinas de la ciudad pudieron participar de este taller gratuito donde se compartieron ideas, experiencias y herramientas vinculadas a la creaci\u00f3n de contenidos digitales.<\/p>\n\n\n\n<p>Desde la Municipalidad agradecieron especialmente a Afectiva Comunicaciones, a Luana (su titular) y a todo el equipo que hizo posible la realizaci\u00f3n de esta propuesta en la ciudad, acercando conocimientos y nuevas herramientas a la comunidad de Fray Luis Beltr\u00e1n.<\/p>\n\n\n\n<p>Desde el municipio hicieron extensivo el agradecimiento a todas las personas que se acercaron y participaron de la jornada.<\/p>\n","protected":false},"excerpt":{"rendered":"<p>Se realiz\u00f3 en la Casa del Bicentenario de Fray Luis Beltr\u00e1n el Laboratorio de Contenidos, un espacio de capacitaci\u00f3n orientado al marketing digital, la comunicaci\u00f3n, el dise\u00f1o y el uso de herramientas de inteligencia artificial. Durante el encuentro, vecinos y vecinas de la ciudad pudieron participar de este taller gratuito donde se compartieron ideas, experiencias [&hellip;]<\/p>\n","protected":false},"author":5,"featured_media":21832,"comment_status":"closed","ping_status":"open","sticky":false,"template":"","format":"standard","meta":{"tdm_status":"","tdm_grid_status":"","footnotes":""},"categories":[13],"tags":[6630,6631,335,2957,6629,5250],"class_list":{"0":"post-21831","1":"post","2":"type-post","3":"status-publish","4":"format-standard","5":"has-post-thumbnail","7":"category-region","8":"tag-comunicacion","9":"tag-diseno","10":"tag-fray-luis-beltran","11":"tag-inteligencia-artificial","12":"tag-laboratorio-de-contenidos","13":"tag-marketing-digital"},"_links":{"self":[{"href":"https:\/\/www.noticiasmas.com.ar\/index.php\/wp-json\/wp\/v2\/posts\/21831","targetHints":{"allow":["GET"]}}],"collection":[{"href":"https:\/\/www.noticiasmas.com.ar\/index.php\/wp-json\/wp\/v2\/posts"}],"about":[{"href":"https:\/\/www.noticiasmas.com.ar\/index.php\/wp-json\/wp\/v2\/types\/post"}],"author":[{"embeddable":true,"href":"https:\/\/www.noticiasmas.com.ar\/index.php\/wp-json\/wp\/v2\/users\/5"}],"replies":[{"embeddable":true,"href":"https:\/\/www.noticiasmas.com.ar\/index.php\/wp-json\/wp\/v2\/comments?post=21831"}],"version-history":[{"count":1,"href":"https:\/\/www.noticiasmas.com.ar\/index.php\/wp-json\/wp\/v2\/posts\/21831\/revisions"}],"predecessor-version":[{"id":21833,"href":"https:\/\/www.noticiasmas.com.ar\/index.php\/wp-json\/wp\/v2\/posts\/21831\/revisions\/21833"}],"wp:featuredmedia":[{"embeddable":true,"href":"https:\/\/www.noticiasmas.com.ar\/index.php\/wp-json\/wp\/v2\/media\/21832"}],"wp:attachment":[{"href":"https:\/\/www.noticiasmas.com.ar\/index.php\/wp-json\/wp\/v2\/media?parent=21831"}],"wp:term":[{"taxonomy":"category","embeddable":true,"href":"https:\/\/www.noticiasmas.com.ar\/index.php\/wp-json\/wp\/v2\/categories?post=21831"},{"taxonomy":"post_tag","embeddable":true,"href":"https:\/\/www.noticiasmas.com.ar\/index.php\/wp-json\/wp\/v2\/tags?post=21831"}],"curies":[{"name":"wp","href":"https:\/\/api.w.org\/{rel}","templated":true}]}}