{"id":22079,"date":"2026-04-04T10:59:45","date_gmt":"2026-04-04T13:59:45","guid":{"rendered":"https:\/\/www.noticiasmas.com.ar\/?p=22079"},"modified":"2026-04-04T10:59:51","modified_gmt":"2026-04-04T13:59:51","slug":"hace-500-anos-partia-la-expedicion-de-gaboto-hacia-nuestras-tierras","status":"publish","type":"post","link":"https:\/\/www.noticiasmas.com.ar\/index.php\/2026\/04\/04\/hace-500-anos-partia-la-expedicion-de-gaboto-hacia-nuestras-tierras\/","title":{"rendered":"Hace 500 a\u00f1os part\u00eda la expedici\u00f3n de Gaboto hacia nuestras tierras"},"content":{"rendered":"\n<p>Camino al V Centenario de Puerto Gaboto. As\u00ed se empez\u00f3 a escribir la historia Argentina, un 3 de abril de 1526 comenz\u00f3 la larga traves\u00eda que marcar\u00eda nuestro origen.<\/p>\n\n\n\n<p>Por el Profesor Ricardo Gonz\u00e1lez<\/p>\n\n\n\n<p>Este 3 de abril se cumplieron quinientos a\u00f1os de la partida de la expedici\u00f3n de Sebasti\u00e1n Gaboto desde el puerto espa\u00f1ol de Sanl\u00facar de Barrameda. Aquel 3 de abril de 1526, cuatro naves y m\u00e1s de doscientos hombres emprend\u00edan un viaje incierto que, sin saberlo, cambiar\u00eda para siempre la historia del actual territorio argentino.<\/p>\n\n\n\n<p>La armada, que hab\u00eda quedado lista en febrero de ese mismo a\u00f1o, estaba compuesta por la nao capitana Santa Mar\u00eda de la Concepci\u00f3n, la Santa Mar\u00eda del Espinar, la Trinidad y la peque\u00f1a carabela San Gabriel. A bordo, una tripulaci\u00f3n diversa, en muchos casos extranjera, reflejo de las dificultades para reclutar hombres dispuestos a internarse en la desprestigiada ruta del sur. Italianos, portugueses, griegos, espa\u00f1oles y otros europeos compart\u00edan el mismo destino: lo desconocido.<\/p>\n\n\n\n<p>Detr\u00e1s del nombre de Gaboto, la historia ha tendido a simplificar una empresa que fue, en realidad, colectiva. Pilotos, marineros, soldados, artesanos, religiosos, cosm\u00f3grafos y hasta comerciantes sevillanos que financiaban la expedici\u00f3n formaron parte de esta epopeya. Muchos de ellos quedaron en el anonimato, pero su esfuerzo y su voluntad hicieron posible uno de los hitos fundacionales de nuestra historia regional.<\/p>\n\n\n\n<p>Tras una navegaci\u00f3n dificultosa, marcada por vientos adversos que incluso obligaron a una larga espera en Pernambuco, la expedici\u00f3n avanz\u00f3 hacia el sur hasta internarse en el sistema del R\u00edo de la Plata. All\u00ed, en la confluencia del r\u00edo Carcara\u00f1\u00e1 con el Paran\u00e1\/Coronda, nacer\u00eda poco tiempo despu\u00e9s el fuerte y poblado de Sancti Sp\u00edritus: el primer asentamiento europeo en lo que hoy es territorio argentino.<\/p>\n\n\n\n<p>EL PRIMER PUEBLO DE LA ARGENTINA.<\/p>\n\n\n\n<p>\u201cLa historia argentina comienza con estas maravillas. No hay en la historia del mundo un pa\u00eds que tenga unos or\u00edgenes tan sorprendentes, tan envueltos en misterios b\u00edblicos y en las profundidades indias como la historia argentina. Tharsis, Ophir, La Sierra y el R\u00edo de la Plata\u201d.<\/p>\n\n\n\n<p>Enrique de Gand\u00eda (La Naci\u00f3n, octubre de 1977)<\/p>\n\n\n\n<p>\u201cEs primordial destacar la capital importancia de la creaci\u00f3n del pueblo y fuerte Sancti Sp\u00edritus, que el desconocimiento general ha eclipsado, basado en el esplendor de otras fundaciones, y en la natural sencillez y humildad del gabotero\u201d.<\/p>\n\n\n\n<p>Amadeo P. Soler (1983)<\/p>\n\n\n\n<p>Como vemos, el solitario rinc\u00f3n del Fuerte Sancti Sp\u00edritus fue tierra de alumbramiento: evangelio, raza, agricultura y, para que nada le falte a la gesta, hasta los dolores de la tragedia padeci\u00f3. Todo ello hace acreedor a ese solar a un lugar destacado en la memoria nacional. All\u00ed tuvo lugar tambi\u00e9n el primer episodio triguero en potencia en suelo argentino. Aquellas pocas espigas que dorara el sol de diciembre de 1527 fueron precursoras de la grandeza econ\u00f3mica de nuestra patria. La opulencia de Santa Fe, ligada al trigo, no puede olvidar esos or\u00edgenes modestos que le dieron prestigio y fama de granero del Paran\u00e1.<\/p>\n\n\n\n<p>\u201cSea un azar del destino (Gaboto) con el correr de los siglos, el hecho real es que aquellas pocas espigas\u2026 fueron precursoras de la grandeza econ\u00f3mica de nuestra patria, por lo que no hay que olvidarlas\u201d.<\/p>\n\n\n\n<p>B\u00e1ez, J. R. \u2013 La Primera Colonia Agrohispana en el R\u00edo de la Plata (1944)<\/p>\n\n\n\n<p>Y fue precisamente en esa tierra ferac\u00edsima, entre el Carcara\u00f1\u00e1 y el Coronda, donde se sembraron las primeras semillas de trigo, logrando dos cosechas: las primeras de toda la actual Argentina.<\/p>\n\n\n\n<p>\u201cLa conmemoraci\u00f3n de los 450 a\u00f1os de la fundaci\u00f3n de Sancti Sp\u00edritus reclama una trascendencia nacional\u2026\u201d<\/p>\n\n\n\n<p>A. Zapata Goll\u00e1n (El Litoral, junio de 1977)<\/p>\n\n\n\n<p>Se ha escrito mucho sobre la desobediencia de Gaboto a Carlos V, al internarse en el Paran\u00e1 en lugar de dirigirse a las Molucas. Sin embargo, tambi\u00e9n puede interpretarse que supo leer el esp\u00edritu de su misi\u00f3n, buscando en estas tierras lo que el Imperio esperaba encontrar en Oriente: riqueza, rutas y posibilidades.<\/p>\n\n\n\n<p>\u201cPero es cierto tambi\u00e9n que mi opini\u00f3n es interesada, porque el fuerte de Sancti Sp\u00edritus fue fundado, casi sin ninguna exageraci\u00f3n, enfrente de mi casa.\u201d<\/p>\n\n\n\n<p>Juan Jos\u00e9 Saer (El r\u00edo sin orillas)<\/p>\n\n\n\n<p>A quinientos a\u00f1os de aquella partida, el r\u00edo, las costas y la memoria siguen hablando de ese comienzo. En Sancti Sp\u00edritus \u2014ese primer pueblo, humilde y trascendental\u2014 naci\u00f3 mucho m\u00e1s que un asentamiento: naci\u00f3 una historia. Una historia hecha de encuentros, de siembras, de sue\u00f1os y tambi\u00e9n de conflictos, que a\u00fan hoy nos interpela.<\/p>\n\n\n\n<p>Recordar esta efem\u00e9ride es, en definitiva, reconocer que en ese rinc\u00f3n del litoral comenz\u00f3 a gestarse una parte esencial de lo que somos. Porque all\u00ed, entre r\u00edos y esperanzas, empez\u00f3 a escribirse la historia argentina.<\/p>\n\n\n\n<p>Humilde homenaje al Primer Historiador Gabotero AMADEO P. SOLER, y a todas aquellas personas que siguiendo la pasi\u00f3n por nuestra historia la siguen difundiendo en cada rinc\u00f3n por donde transitan a diario. Que la memoria no desaparezca y que Puerto Gaboto encuentre su destino de grandeza!!!<\/p>\n","protected":false},"excerpt":{"rendered":"<p>Camino al V Centenario de Puerto Gaboto. As\u00ed se empez\u00f3 a escribir la historia Argentina, un 3 de abril de 1526 comenz\u00f3 la larga traves\u00eda que marcar\u00eda nuestro origen. Por el Profesor Ricardo Gonz\u00e1lez Este 3 de abril se cumplieron quinientos a\u00f1os de la partida de la expedici\u00f3n de Sebasti\u00e1n Gaboto desde el puerto espa\u00f1ol [&hellip;]<\/p>\n","protected":false},"author":5,"featured_media":22080,"comment_status":"closed","ping_status":"open","sticky":false,"template":"","format":"standard","meta":{"tdm_status":"","tdm_grid_status":"","footnotes":""},"categories":[4,13],"tags":[6731,1349,6732,5321,1250],"class_list":{"0":"post-22079","1":"post","2":"type-post","3":"status-publish","4":"format-standard","5":"has-post-thumbnail","7":"category-culturayespectaculos","8":"category-region","9":"tag-3-de-abril-1526","10":"tag-camino-al-v-centenario","11":"tag-comienza-de-la-expedicion-de-gaboto","12":"tag-profesor-ricardo-gonzalez","13":"tag-puerto-gaboto"},"_links":{"self":[{"href":"https:\/\/www.noticiasmas.com.ar\/index.php\/wp-json\/wp\/v2\/posts\/22079","targetHints":{"allow":["GET"]}}],"collection":[{"href":"https:\/\/www.noticiasmas.com.ar\/index.php\/wp-json\/wp\/v2\/posts"}],"about":[{"href":"https:\/\/www.noticiasmas.com.ar\/index.php\/wp-json\/wp\/v2\/types\/post"}],"author":[{"embeddable":true,"href":"https:\/\/www.noticiasmas.com.ar\/index.php\/wp-json\/wp\/v2\/users\/5"}],"replies":[{"embeddable":true,"href":"https:\/\/www.noticiasmas.com.ar\/index.php\/wp-json\/wp\/v2\/comments?post=22079"}],"version-history":[{"count":1,"href":"https:\/\/www.noticiasmas.com.ar\/index.php\/wp-json\/wp\/v2\/posts\/22079\/revisions"}],"predecessor-version":[{"id":22081,"href":"https:\/\/www.noticiasmas.com.ar\/index.php\/wp-json\/wp\/v2\/posts\/22079\/revisions\/22081"}],"wp:featuredmedia":[{"embeddable":true,"href":"https:\/\/www.noticiasmas.com.ar\/index.php\/wp-json\/wp\/v2\/media\/22080"}],"wp:attachment":[{"href":"https:\/\/www.noticiasmas.com.ar\/index.php\/wp-json\/wp\/v2\/media?parent=22079"}],"wp:term":[{"taxonomy":"category","embeddable":true,"href":"https:\/\/www.noticiasmas.com.ar\/index.php\/wp-json\/wp\/v2\/categories?post=22079"},{"taxonomy":"post_tag","embeddable":true,"href":"https:\/\/www.noticiasmas.com.ar\/index.php\/wp-json\/wp\/v2\/tags?post=22079"}],"curies":[{"name":"wp","href":"https:\/\/api.w.org\/{rel}","templated":true}]}}