{"id":22429,"date":"2026-04-28T17:40:05","date_gmt":"2026-04-28T20:40:05","guid":{"rendered":"https:\/\/www.noticiasmas.com.ar\/?p=22429"},"modified":"2026-04-28T17:40:10","modified_gmt":"2026-04-28T20:40:10","slug":"puerto-san-martin-habra-reduccion-del-servicio-de-agua-potable","status":"publish","type":"post","link":"https:\/\/www.noticiasmas.com.ar\/index.php\/2026\/04\/28\/puerto-san-martin-habra-reduccion-del-servicio-de-agua-potable\/","title":{"rendered":"Puerto San Mart\u00edn: Habr\u00e1 reducci\u00f3n del servicio de agua potable"},"content":{"rendered":"\n<p>La Cooperativa de Provisi\u00f3n de Agua Potable y Otros Servicios P\u00fablicos de Puerto San Mart\u00edn Limitada, inform\u00f3 a trav\u00e9s de un comunicado que por tareas de mantenimiento, el suministro se ver\u00e1 afectado por un plazo de aproximadamente dos meses.<\/p>\n\n\n\n<p><\/p>\n\n\n\n<figure class=\"wp-block-image size-large\"><img loading=\"lazy\" decoding=\"async\" width=\"1024\" height=\"683\" src=\"https:\/\/www.noticiasmas.com.ar\/wp-content\/uploads\/2026\/04\/comunicado-cooperativa-agua-1024x683.jpg\" alt=\"\" class=\"wp-image-22430\" srcset=\"https:\/\/www.noticiasmas.com.ar\/wp-content\/uploads\/2026\/04\/comunicado-cooperativa-agua-1024x683.jpg 1024w, https:\/\/www.noticiasmas.com.ar\/wp-content\/uploads\/2026\/04\/comunicado-cooperativa-agua-300x200.jpg 300w, https:\/\/www.noticiasmas.com.ar\/wp-content\/uploads\/2026\/04\/comunicado-cooperativa-agua-768x512.jpg 768w, https:\/\/www.noticiasmas.com.ar\/wp-content\/uploads\/2026\/04\/comunicado-cooperativa-agua-150x100.jpg 150w, https:\/\/www.noticiasmas.com.ar\/wp-content\/uploads\/2026\/04\/comunicado-cooperativa-agua-696x464.jpg 696w, https:\/\/www.noticiasmas.com.ar\/wp-content\/uploads\/2026\/04\/comunicado-cooperativa-agua-1068x712.jpg 1068w, https:\/\/www.noticiasmas.com.ar\/wp-content\/uploads\/2026\/04\/comunicado-cooperativa-agua.jpg 1200w\" sizes=\"auto, (max-width: 1024px) 100vw, 1024px\" \/><\/figure>\n","protected":false},"excerpt":{"rendered":"<p>La Cooperativa de Provisi\u00f3n de Agua Potable y Otros Servicios P\u00fablicos de Puerto San Mart\u00edn Limitada, inform\u00f3 a trav\u00e9s de un comunicado que por tareas de mantenimiento, el suministro se ver\u00e1 afectado por un plazo de aproximadamente dos meses.<\/p>\n","protected":false},"author":5,"featured_media":22431,"comment_status":"closed","ping_status":"open","sticky":false,"template":"","format":"standard","meta":{"tdm_status":"","tdm_grid_status":"","footnotes":""},"categories":[13],"tags":[6849,52,6850],"class_list":{"0":"post-22429","1":"post","2":"type-post","3":"status-publish","4":"format-standard","5":"has-post-thumbnail","7":"category-region","8":"tag-capyos","9":"tag-puerto-san-martin","10":"tag-servicio-reducido"},"_links":{"self":[{"href":"https:\/\/www.noticiasmas.com.ar\/index.php\/wp-json\/wp\/v2\/posts\/22429","targetHints":{"allow":["GET"]}}],"collection":[{"href":"https:\/\/www.noticiasmas.com.ar\/index.php\/wp-json\/wp\/v2\/posts"}],"about":[{"href":"https:\/\/www.noticiasmas.com.ar\/index.php\/wp-json\/wp\/v2\/types\/post"}],"author":[{"embeddable":true,"href":"https:\/\/www.noticiasmas.com.ar\/index.php\/wp-json\/wp\/v2\/users\/5"}],"replies":[{"embeddable":true,"href":"https:\/\/www.noticiasmas.com.ar\/index.php\/wp-json\/wp\/v2\/comments?post=22429"}],"version-history":[{"count":1,"href":"https:\/\/www.noticiasmas.com.ar\/index.php\/wp-json\/wp\/v2\/posts\/22429\/revisions"}],"predecessor-version":[{"id":22432,"href":"https:\/\/www.noticiasmas.com.ar\/index.php\/wp-json\/wp\/v2\/posts\/22429\/revisions\/22432"}],"wp:featuredmedia":[{"embeddable":true,"href":"https:\/\/www.noticiasmas.com.ar\/index.php\/wp-json\/wp\/v2\/media\/22431"}],"wp:attachment":[{"href":"https:\/\/www.noticiasmas.com.ar\/index.php\/wp-json\/wp\/v2\/media?parent=22429"}],"wp:term":[{"taxonomy":"category","embeddable":true,"href":"https:\/\/www.noticiasmas.com.ar\/index.php\/wp-json\/wp\/v2\/categories?post=22429"},{"taxonomy":"post_tag","embeddable":true,"href":"https:\/\/www.noticiasmas.com.ar\/index.php\/wp-json\/wp\/v2\/tags?post=22429"}],"curies":[{"name":"wp","href":"https:\/\/api.w.org\/{rel}","templated":true}]}}