{"id":22433,"date":"2026-04-28T17:46:51","date_gmt":"2026-04-28T20:46:51","guid":{"rendered":"https:\/\/www.noticiasmas.com.ar\/?p=22433"},"modified":"2026-04-28T17:46:56","modified_gmt":"2026-04-28T20:46:56","slug":"baigorria-celebra-el-dia-del-trabajador-con-una-gran-fiesta-criolla","status":"publish","type":"post","link":"https:\/\/www.noticiasmas.com.ar\/index.php\/2026\/04\/28\/baigorria-celebra-el-dia-del-trabajador-con-una-gran-fiesta-criolla\/","title":{"rendered":"Baigorria celebra el D\u00eda del Trabajador con una gran fiesta criolla"},"content":{"rendered":"\n<p>El intendente Ing. Adri\u00e1n Maglia declar\u00f3 de Inter\u00e9s Municipal la &#8220;Fiesta Criolla&#8221; que se llevar\u00e1 a cabo el pr\u00f3ximo 1\u00b0 de mayo en Granadero Baigorria. El evento, organizado por el Sindicato de Trabajadores Municipales (SITRAM), promete ser el punto de encuentro central para celebrar el D\u00eda del Trabajador en comunidad.<\/p>\n\n\n\n<p>La celebraci\u00f3n tendr\u00e1 lugar en el Camping Municipal de Granadero Baigorria, extendi\u00e9ndose desde las 10:00 hasta las 20:00 horas. La entrada consiste en la donaci\u00f3n de un alimento no perecedero, uniendo el esp\u00edritu festivo con una causa solidaria para los vecinos que m\u00e1s lo necesitan.<\/p>\n\n\n\n<p>La propuesta gastron\u00f3mica estar\u00e1 bajo la experta coordinaci\u00f3n de un cocinero con m\u00e1s de 60 a\u00f1os de trayectoria. Los asistentes podr\u00e1n degustar platos t\u00edpicos con identidad criolla: locro y empanadas; costillar a la estaca y choripanes.<\/p>\n\n\n\n<p>Con la conducci\u00f3n de Mario Reynoso, el escenario recibir\u00e1 una variada oferta musical que comenzar\u00e1 con los sonidos del folklore y el chamam\u00e9, para cerrar la jornada a pura cumbia. Se presentar\u00e1n: Rub\u00e9n Ayala, Pablo S\u00e1nchez y Conjunto, y Los Carap\u00e9 del Norte; Grupo F\u00e9nix, Sabor Almendra, Q\u2019Man\u00eda y Los Chiches de la Cumbia.<\/p>\n\n\n\n<p>Desde la organizaci\u00f3n se invita a las familias a llevar su reposera para disfrutar con comodidad de una jornada que busca reafirmar la identidad local. &#8220;Queremos que el trabajador tenga su d\u00eda de festejo como corresponde, en comunidad y en un espacio propio para compartir&#8221; destacaron las autoridades.<\/p>\n\n\n\n<p>El decreto, firmado por el intendente Adri\u00e1n Maglia y la subsecretaria de Gobierno, Dra. Eliana Ramos , destaca la &#8220;importancia y magnitud del evento&#8221; como motor de encuentro social para Granadero Baigorria.<\/p>\n\n\n\n<p><strong>RESUMEN:<\/strong><\/p>\n\n\n\n<ul class=\"wp-block-list\">\n<li>Evento: Fiesta Criolla del D\u00eda del Trabajador.<\/li>\n\n\n\n<li>Fecha y Hora: 1\u00b0 de mayo, de 10 a 20 hs.<\/li>\n\n\n\n<li>Lugar: Camping Municipal.<\/li>\n\n\n\n<li>Entrada: Un alimento no perecedero.<\/li>\n\n\n\n<li>Organiza: SITRAM con el apoyo de la Municipalidad de Granadero Baigorria.<\/li>\n<\/ul>\n","protected":false},"excerpt":{"rendered":"<p>El intendente Ing. Adri\u00e1n Maglia declar\u00f3 de Inter\u00e9s Municipal la &#8220;Fiesta Criolla&#8221; que se llevar\u00e1 a cabo el pr\u00f3ximo 1\u00b0 de mayo en Granadero Baigorria. El evento, organizado por el Sindicato de Trabajadores Municipales (SITRAM), promete ser el punto de encuentro central para celebrar el D\u00eda del Trabajador en comunidad. La celebraci\u00f3n tendr\u00e1 lugar en [&hellip;]<\/p>\n","protected":false},"author":5,"featured_media":22434,"comment_status":"closed","ping_status":"open","sticky":false,"template":"","format":"standard","meta":{"tdm_status":"","tdm_grid_status":"","footnotes":""},"categories":[13],"tags":[4388,6853,6852,246,3633],"class_list":{"0":"post-22433","1":"post","2":"type-post","3":"status-publish","4":"format-standard","5":"has-post-thumbnail","7":"category-region","8":"tag-1o-de-mayo","9":"tag-festejo-dia-del-trabajador","10":"tag-fiesta-criolla","11":"tag-granadero-baigorria","12":"tag-sitram"},"_links":{"self":[{"href":"https:\/\/www.noticiasmas.com.ar\/index.php\/wp-json\/wp\/v2\/posts\/22433","targetHints":{"allow":["GET"]}}],"collection":[{"href":"https:\/\/www.noticiasmas.com.ar\/index.php\/wp-json\/wp\/v2\/posts"}],"about":[{"href":"https:\/\/www.noticiasmas.com.ar\/index.php\/wp-json\/wp\/v2\/types\/post"}],"author":[{"embeddable":true,"href":"https:\/\/www.noticiasmas.com.ar\/index.php\/wp-json\/wp\/v2\/users\/5"}],"replies":[{"embeddable":true,"href":"https:\/\/www.noticiasmas.com.ar\/index.php\/wp-json\/wp\/v2\/comments?post=22433"}],"version-history":[{"count":1,"href":"https:\/\/www.noticiasmas.com.ar\/index.php\/wp-json\/wp\/v2\/posts\/22433\/revisions"}],"predecessor-version":[{"id":22435,"href":"https:\/\/www.noticiasmas.com.ar\/index.php\/wp-json\/wp\/v2\/posts\/22433\/revisions\/22435"}],"wp:featuredmedia":[{"embeddable":true,"href":"https:\/\/www.noticiasmas.com.ar\/index.php\/wp-json\/wp\/v2\/media\/22434"}],"wp:attachment":[{"href":"https:\/\/www.noticiasmas.com.ar\/index.php\/wp-json\/wp\/v2\/media?parent=22433"}],"wp:term":[{"taxonomy":"category","embeddable":true,"href":"https:\/\/www.noticiasmas.com.ar\/index.php\/wp-json\/wp\/v2\/categories?post=22433"},{"taxonomy":"post_tag","embeddable":true,"href":"https:\/\/www.noticiasmas.com.ar\/index.php\/wp-json\/wp\/v2\/tags?post=22433"}],"curies":[{"name":"wp","href":"https:\/\/api.w.org\/{rel}","templated":true}]}}