{"id":22436,"date":"2026-04-28T17:53:28","date_gmt":"2026-04-28T20:53:28","guid":{"rendered":"https:\/\/www.noticiasmas.com.ar\/?p=22436"},"modified":"2026-04-28T17:53:32","modified_gmt":"2026-04-28T20:53:32","slug":"el-fresu-se-reune-en-su-primer-plenario-nacional-este-1o-de-mayo","status":"publish","type":"post","link":"https:\/\/www.noticiasmas.com.ar\/index.php\/2026\/04\/28\/el-fresu-se-reune-en-su-primer-plenario-nacional-este-1o-de-mayo\/","title":{"rendered":"EL FRESU SE RE\u00daNE EN SU PRIMER PLENARIO NACIONAL ESTE 1\u00ba DE MAYO"},"content":{"rendered":"\n<p>Este 1\u00b0 de Mayo, a partir de las 9:00 hs, el Frente de Sindicatos Unidos (FreSU) llevar\u00e1 adelante su primer Plenario Nacional en el predio del Camping de la UOM en Pilar.<\/p>\n\n\n\n<p>El Frente de Sindicatos Unidos realiza este viernes 1ro de mayo su primer Plenario nacional. Se espera la participaci\u00f3n de m\u00e1s de 1600 delegados y delegadas provenientes de todo el pa\u00eds, representando a los distintos gremios que conforman el frente.<\/p>\n\n\n\n<p>Bajo la premisa de construir un &#8220;Programa de las y los trabajadores para recuperar la Patria&#8221;, el encuentro se organizar\u00e1 en comisiones de debate para abordar los ejes centrales de la realidad actual:<\/p>\n\n\n\n<p>Salario Digno\/SMVM Real: La exigencia de un Salario M\u00ednimo Vital y M\u00f3vil que, seg\u00fan su definici\u00f3n legal y constitucional, garantice a las y los trabajadores alimentaci\u00f3n adecuada, vivienda digna, educaci\u00f3n, vestuario, asistencia sanitaria, transporte, esparcimiento, vacaciones y previsi\u00f3n.<\/p>\n\n\n\n<p>Derechos Laborales: El combate contra el deterioro de las conquistas y el avance de la precarizaci\u00f3n.<\/p>\n\n\n\n<p>Soberan\u00eda e Industria: La defensa irrenunciable de la industria nacional y la soberan\u00eda del pa\u00eds.<\/p>\n\n\n\n<p>Derecho a huelga y libertad sindical: La huelga y la organizaci\u00f3n sindical son herramientas para luchar por nuestros derechos.<\/p>\n\n\n\n<p>\u201cEl 1 de mayo nos encontramos para debatir, organizar la resistencia y proyectar la salida que el pueblo trabajador necesita\u201d, indicaron desde el Fresu .<\/p>\n\n\n\n<p>El acto de cierre del plenario, previsto para las 16 hs., se podr\u00e1 ver en vivo a trav\u00e9s del canal de Youtube del FreSU.<\/p>\n\n\n\n<p><\/p>\n","protected":false},"excerpt":{"rendered":"<p>Este 1\u00b0 de Mayo, a partir de las 9:00 hs, el Frente de Sindicatos Unidos (FreSU) llevar\u00e1 adelante su primer Plenario Nacional en el predio del Camping de la UOM en Pilar. El Frente de Sindicatos Unidos realiza este viernes 1ro de mayo su primer Plenario nacional. Se espera la participaci\u00f3n de m\u00e1s de 1600 [&hellip;]<\/p>\n","protected":false},"author":5,"featured_media":22437,"comment_status":"closed","ping_status":"open","sticky":false,"template":"","format":"standard","meta":{"tdm_status":"","tdm_grid_status":"","footnotes":""},"categories":[1],"tags":[4388,324,6547,5567],"class_list":{"0":"post-22436","1":"post","2":"type-post","3":"status-publish","4":"format-standard","5":"has-post-thumbnail","7":"category-nacionales","8":"tag-1o-de-mayo","9":"tag-argentina","10":"tag-fresu","11":"tag-plenario-nacional"},"_links":{"self":[{"href":"https:\/\/www.noticiasmas.com.ar\/index.php\/wp-json\/wp\/v2\/posts\/22436","targetHints":{"allow":["GET"]}}],"collection":[{"href":"https:\/\/www.noticiasmas.com.ar\/index.php\/wp-json\/wp\/v2\/posts"}],"about":[{"href":"https:\/\/www.noticiasmas.com.ar\/index.php\/wp-json\/wp\/v2\/types\/post"}],"author":[{"embeddable":true,"href":"https:\/\/www.noticiasmas.com.ar\/index.php\/wp-json\/wp\/v2\/users\/5"}],"replies":[{"embeddable":true,"href":"https:\/\/www.noticiasmas.com.ar\/index.php\/wp-json\/wp\/v2\/comments?post=22436"}],"version-history":[{"count":1,"href":"https:\/\/www.noticiasmas.com.ar\/index.php\/wp-json\/wp\/v2\/posts\/22436\/revisions"}],"predecessor-version":[{"id":22438,"href":"https:\/\/www.noticiasmas.com.ar\/index.php\/wp-json\/wp\/v2\/posts\/22436\/revisions\/22438"}],"wp:featuredmedia":[{"embeddable":true,"href":"https:\/\/www.noticiasmas.com.ar\/index.php\/wp-json\/wp\/v2\/media\/22437"}],"wp:attachment":[{"href":"https:\/\/www.noticiasmas.com.ar\/index.php\/wp-json\/wp\/v2\/media?parent=22436"}],"wp:term":[{"taxonomy":"category","embeddable":true,"href":"https:\/\/www.noticiasmas.com.ar\/index.php\/wp-json\/wp\/v2\/categories?post=22436"},{"taxonomy":"post_tag","embeddable":true,"href":"https:\/\/www.noticiasmas.com.ar\/index.php\/wp-json\/wp\/v2\/tags?post=22436"}],"curies":[{"name":"wp","href":"https:\/\/api.w.org\/{rel}","templated":true}]}}