{"id":22439,"date":"2026-04-28T18:02:38","date_gmt":"2026-04-28T21:02:38","guid":{"rendered":"https:\/\/www.noticiasmas.com.ar\/?p=22439"},"modified":"2026-04-28T18:02:43","modified_gmt":"2026-04-28T21:02:43","slug":"martin-lucero-este-jueves-debemos-marchar-por-la-inconstitucionalidad-de-la-reforma-laboral","status":"publish","type":"post","link":"https:\/\/www.noticiasmas.com.ar\/index.php\/2026\/04\/28\/martin-lucero-este-jueves-debemos-marchar-por-la-inconstitucionalidad-de-la-reforma-laboral\/","title":{"rendered":"MART\u00cdN LUCERO: \u201cESTE JUEVES DEBEMOS MARCHAR POR LA INCONSTITUCIONALIDAD DE LA REFORMA LABORAL&#8221;"},"content":{"rendered":"\n<p>El secretario Adjunto de CGT Rosario se\u00f1al\u00f3 que \u201ces l\u00f3gico y es razonable que se inunden los tribunales laborales de medidas que se pronuncien sobre la inconstitucionalidad de la norma\u201d.<\/p>\n\n\n\n<p>En el marco de la convocatoria de la CGT Rosario a movilizar este 30 de abril, su secretario adjunto Martin Lucero dijo: \u201cDebemos manifestar en las calles respecto de una norma que claramente afecta los derechos que tenemos como ciudadanos que vivimos de nuestro trabajo\u201d, en relaci\u00f3n a la reforma laboral que impuls\u00f3 el gobierno de Javier Milei y que se debate en cautelares en la justicia.<\/p>\n\n\n\n<p>Por lo pronto, lo \u00faltimo en relaci\u00f3n a dicha reforma se conoci\u00f3 d\u00edas atr\u00e1s cuando un fallo de la C\u00e1mara de Apelaciones, la Ley de Modernizaci\u00f3n Laboral (27.802) recuper\u00f3 nuevamente plena vigencia.<\/p>\n\n\n\n<p>\u201cEste jueves debe haber una participaci\u00f3n de toda la masa del movimiento obrero en Rosario, Buenos Aires y en todos los rincones de Argentina\u201d, plante\u00f3 el tambi\u00e9n secretario general del Sindicato de Docentes Privados (SADOP).<\/p>\n\n\n\n<p>En ese sentido, el referente gremial fue claro al anunciar que la Reforma laboral \u201ces inconstitucional\u201d. \u201cEste es el planteo de la CGT, es lo que creemos y ning\u00fan tribunal en el pa\u00eds se ha expresado sobre la constitucionalidad o le ha dado validez a esta norma inconstitucional\u201d, dijo.<\/p>\n\n\n\n<p>\u201cLo \u00fanico que se est\u00e1 discutiendo \u2013 continu\u00f3 Lucero &#8211; son las normas cautelares de si tiene aplicaci\u00f3n inmediata o se suspende su aplicaci\u00f3n hasta que se termine de tramitar los juicios, o sea que estamos en una parte muy inicial del planteo y vamos a seguir dando esta discusi\u00f3n a lo largo y a lo ancho del pa\u00eds\u201d, advirti\u00f3.<\/p>\n\n\n\n<p>A\u00fan m\u00e1s, Lucero entendi\u00f3 como \u201c l\u00f3gico y es razonable que se inunden los tribunales laborales de medidas que se pronuncien sobre la inconstitucionalidad de la reforma laboral\u201d y en ese sentido \u201cvamos a seguir marchando y es uno de los planteos que vamos a llevar a las distintas marchas a lo largo y a lo ancho del pa\u00eds en este 30 de abril, en la previa del 1ro de mayo, dia de los trabajadores\u201d, complet\u00f3 Lucero.<\/p>\n","protected":false},"excerpt":{"rendered":"<p>El secretario Adjunto de CGT Rosario se\u00f1al\u00f3 que \u201ces l\u00f3gico y es razonable que se inunden los tribunales laborales de medidas que se pronuncien sobre la inconstitucionalidad de la norma\u201d. En el marco de la convocatoria de la CGT Rosario a movilizar este 30 de abril, su secretario adjunto Martin Lucero dijo: \u201cDebemos manifestar en [&hellip;]<\/p>\n","protected":false},"author":5,"featured_media":22440,"comment_status":"closed","ping_status":"open","sticky":false,"template":"","format":"standard","meta":{"tdm_status":"","tdm_grid_status":"","footnotes":""},"categories":[13],"tags":[6854,6356,528,163,799],"class_list":{"0":"post-22439","1":"post","2":"type-post","3":"status-publish","4":"format-standard","5":"has-post-thumbnail","7":"category-region","8":"tag-30-de-abril","9":"tag-contra-la-reforma-laboral","10":"tag-marcha","11":"tag-rosario","12":"tag-sadop"},"_links":{"self":[{"href":"https:\/\/www.noticiasmas.com.ar\/index.php\/wp-json\/wp\/v2\/posts\/22439","targetHints":{"allow":["GET"]}}],"collection":[{"href":"https:\/\/www.noticiasmas.com.ar\/index.php\/wp-json\/wp\/v2\/posts"}],"about":[{"href":"https:\/\/www.noticiasmas.com.ar\/index.php\/wp-json\/wp\/v2\/types\/post"}],"author":[{"embeddable":true,"href":"https:\/\/www.noticiasmas.com.ar\/index.php\/wp-json\/wp\/v2\/users\/5"}],"replies":[{"embeddable":true,"href":"https:\/\/www.noticiasmas.com.ar\/index.php\/wp-json\/wp\/v2\/comments?post=22439"}],"version-history":[{"count":1,"href":"https:\/\/www.noticiasmas.com.ar\/index.php\/wp-json\/wp\/v2\/posts\/22439\/revisions"}],"predecessor-version":[{"id":22441,"href":"https:\/\/www.noticiasmas.com.ar\/index.php\/wp-json\/wp\/v2\/posts\/22439\/revisions\/22441"}],"wp:featuredmedia":[{"embeddable":true,"href":"https:\/\/www.noticiasmas.com.ar\/index.php\/wp-json\/wp\/v2\/media\/22440"}],"wp:attachment":[{"href":"https:\/\/www.noticiasmas.com.ar\/index.php\/wp-json\/wp\/v2\/media?parent=22439"}],"wp:term":[{"taxonomy":"category","embeddable":true,"href":"https:\/\/www.noticiasmas.com.ar\/index.php\/wp-json\/wp\/v2\/categories?post=22439"},{"taxonomy":"post_tag","embeddable":true,"href":"https:\/\/www.noticiasmas.com.ar\/index.php\/wp-json\/wp\/v2\/tags?post=22439"}],"curies":[{"name":"wp","href":"https:\/\/api.w.org\/{rel}","templated":true}]}}