{"id":22442,"date":"2026-04-28T18:14:28","date_gmt":"2026-04-28T21:14:28","guid":{"rendered":"https:\/\/www.noticiasmas.com.ar\/?p=22442"},"modified":"2026-04-28T18:14:33","modified_gmt":"2026-04-28T21:14:33","slug":"granadero-baigorria-formara-parte-de-la-primera-etapa-del-regreso-del-tren-de-pasajeros","status":"publish","type":"post","link":"https:\/\/www.noticiasmas.com.ar\/index.php\/2026\/04\/28\/granadero-baigorria-formara-parte-de-la-primera-etapa-del-regreso-del-tren-de-pasajeros\/","title":{"rendered":"Granadero Baigorria formar\u00e1 parte de la primera etapa del regreso del tren de pasajeros"},"content":{"rendered":"\n<p>El Gobierno de Santa Fe present\u00f3 el proyecto de movilidad metropolitana que conectar\u00e1 a nuestra ciudad con Rosario y la regi\u00f3n a trav\u00e9s de una red ferroviaria de cercan\u00eda.<\/p>\n\n\n\n<p>En un paso decisivo para mejorar la conectividad y el transporte p\u00fablico de nuestra comunidad, el Gobierno de la Provincia de Santa Fe anunci\u00f3 la puesta en marcha de un sistema de movilidad metropolitano que tendr\u00e1 a Granadero Baigorria como protagonista de su fase inicial.<\/p>\n\n\n\n<p>El proyecto, presentado por el equipo de gesti\u00f3n del gobernador Maximiliano Pullaro, contempla en su primera etapa un trazado de 59 kil\u00f3metros que integrar\u00e1 de forma estrat\u00e9gica a nuestra ciudad junto con P\u00e9rez, Funes y Villa Gobernador G\u00e1lvez. Este eje ferroviario permitir\u00e1 que los baigorrienses cuenten con una alternativa de transporte r\u00e1pida, segura y sustentable para trasladarse hacia Rosario y otras localidades vecinas.<\/p>\n\n\n\n<p>Detalles del Plan de Conectividad La presentaci\u00f3n t\u00e9cnica estuvo a cargo del ministro de Desarrollo Productivo, Gustavo Puccini, y la secretaria de Transporte y Log\u00edstica, M\u00f3nica Alvarado, quienes destacaron que el tren urbano ser\u00e1 el eje central de este nuevo esquema de movilidad.<\/p>\n\n\n\n<p>\u2022 Fase 1: Incluye de forma directa a Granadero Baigorria, permitiendo una conexi\u00f3n fluida de norte a sur y de este a oeste en el Gran Rosario.<br>\u2022 Fase 2: El proyecto prev\u00e9 una expansi\u00f3n futura hasta alcanzar los 120 kil\u00f3metros de red, sumando a localidades como Rold\u00e1n, Arroyo Seco y Timb\u00faes.<\/p>\n\n\n\n<p>Para Granadero Baigorria, la vuelta del tren de cercan\u00eda representa una respuesta concreta a la creciente demanda de conectividad derivada de la expansi\u00f3n urbana. Del encuentro participaron representantes del Ente de Coordinaci\u00f3n Metropolitana (ECOM), reforzando el compromiso de trabajo conjunto entre el municipio y la provincia para mejorar la calidad de vida de todos los ciudadanos.<\/p>\n\n\n\n<p>Con este anuncio, el tren vuelve a estar en la agenda p\u00fablica como una soluci\u00f3n moderna para el transporte masivo de pasajeros, devolvi\u00e9ndole a nuestra regi\u00f3n un servicio vital para el desarrollo productivo y social.<\/p>\n","protected":false},"excerpt":{"rendered":"<p>El Gobierno de Santa Fe present\u00f3 el proyecto de movilidad metropolitana que conectar\u00e1 a nuestra ciudad con Rosario y la regi\u00f3n a trav\u00e9s de una red ferroviaria de cercan\u00eda. En un paso decisivo para mejorar la conectividad y el transporte p\u00fablico de nuestra comunidad, el Gobierno de la Provincia de Santa Fe anunci\u00f3 la puesta [&hellip;]<\/p>\n","protected":false},"author":5,"featured_media":22443,"comment_status":"closed","ping_status":"open","sticky":false,"template":"","format":"standard","meta":{"tdm_status":"","tdm_grid_status":"","footnotes":""},"categories":[13],"tags":[246,6856,1619,6855],"class_list":{"0":"post-22442","1":"post","2":"type-post","3":"status-publish","4":"format-standard","5":"has-post-thumbnail","7":"category-region","8":"tag-granadero-baigorria","9":"tag-sur-de-santa-fe","10":"tag-transporte-de-pasajeros","11":"tag-tren-de-cercania"},"_links":{"self":[{"href":"https:\/\/www.noticiasmas.com.ar\/index.php\/wp-json\/wp\/v2\/posts\/22442","targetHints":{"allow":["GET"]}}],"collection":[{"href":"https:\/\/www.noticiasmas.com.ar\/index.php\/wp-json\/wp\/v2\/posts"}],"about":[{"href":"https:\/\/www.noticiasmas.com.ar\/index.php\/wp-json\/wp\/v2\/types\/post"}],"author":[{"embeddable":true,"href":"https:\/\/www.noticiasmas.com.ar\/index.php\/wp-json\/wp\/v2\/users\/5"}],"replies":[{"embeddable":true,"href":"https:\/\/www.noticiasmas.com.ar\/index.php\/wp-json\/wp\/v2\/comments?post=22442"}],"version-history":[{"count":1,"href":"https:\/\/www.noticiasmas.com.ar\/index.php\/wp-json\/wp\/v2\/posts\/22442\/revisions"}],"predecessor-version":[{"id":22444,"href":"https:\/\/www.noticiasmas.com.ar\/index.php\/wp-json\/wp\/v2\/posts\/22442\/revisions\/22444"}],"wp:featuredmedia":[{"embeddable":true,"href":"https:\/\/www.noticiasmas.com.ar\/index.php\/wp-json\/wp\/v2\/media\/22443"}],"wp:attachment":[{"href":"https:\/\/www.noticiasmas.com.ar\/index.php\/wp-json\/wp\/v2\/media?parent=22442"}],"wp:term":[{"taxonomy":"category","embeddable":true,"href":"https:\/\/www.noticiasmas.com.ar\/index.php\/wp-json\/wp\/v2\/categories?post=22442"},{"taxonomy":"post_tag","embeddable":true,"href":"https:\/\/www.noticiasmas.com.ar\/index.php\/wp-json\/wp\/v2\/tags?post=22442"}],"curies":[{"name":"wp","href":"https:\/\/api.w.org\/{rel}","templated":true}]}}