{"id":22445,"date":"2026-04-28T18:20:49","date_gmt":"2026-04-28T21:20:49","guid":{"rendered":"https:\/\/www.noticiasmas.com.ar\/?p=22445"},"modified":"2026-04-28T18:20:54","modified_gmt":"2026-04-28T21:20:54","slug":"el-paseo-del-rio-fue-todo-un-exito-talento-sanlorencino-y-gran-convocatoria","status":"publish","type":"post","link":"https:\/\/www.noticiasmas.com.ar\/index.php\/2026\/04\/28\/el-paseo-del-rio-fue-todo-un-exito-talento-sanlorencino-y-gran-convocatoria\/","title":{"rendered":"El Paseo del R\u00edo fue todo un \u00e9xito: talento sanlorencino y gran convocatoria"},"content":{"rendered":"\n<p>El tramo norte de la costanera se llen\u00f3 de j\u00f3venes y familias que disfrutaron de una feria in\u00e9dita en la ciudad. Dise\u00f1adores locales lucieron sus productos de los rubros deco hogar, indumentaria y accesorios. Adem\u00e1s hubo espacios pet friendly, DJ, gastronom\u00eda y talleres para los chicos.<\/p>\n\n\n\n<p>El Paseo del R\u00edo debut\u00f3 a pleno este domingo en el tramo norte de la costanera, que una gran cantidad de familias y j\u00f3venes colmaron para disfrutar de una propuesta que integr\u00f3 dise\u00f1o, producci\u00f3n local y esparcimiento al aire libre.<\/p>\n\n\n\n<p>La feria reuni\u00f3 a emprendedores sanlorencinos que exhibieron y comercializaron productos de autor, en una jornada que puso en valor tanto el talento local como uno de los espacios p\u00fablicos m\u00e1s atractivos de la ciudad.<\/p>\n\n\n\n<p>Adem\u00e1s hubo espacios pet friendly, talleres art\u00edsticos para los chicos, diferentes alternativas gastron\u00f3micas y m\u00fasica de la mano de los DJ Nico Tessi y Gino Pacini.<\/p>\n\n\n\n<p>Presente en la actividad, el intendente Leonardo Raimundo destac\u00f3 el car\u00e1cter distintivo de la iniciativa: \u201cSon sanlorencinos que producen lo que est\u00e1n vendiendo: productos de autor, \u00fanicos e irrepetibles que hoy est\u00e1n exponiendo y comercializando. Adem\u00e1s es una excelente oportunidad para mostrar este hermoso paseo a la vera del R\u00edo Paran\u00e1 que, a pesar de que se encuentra en pleno coraz\u00f3n de la ciudad, mucha gente est\u00e1 visitando por primera vez\u201d.<\/p>\n\n\n\n<p>El evento no solo impuls\u00f3 el trabajo de dise\u00f1adores y productores locales, sino que tambi\u00e9n reafirm\u00f3 el potencial de la costanera norte como punto de encuentro y disfrute para la comunidad.<\/p>\n","protected":false},"excerpt":{"rendered":"<p>El tramo norte de la costanera se llen\u00f3 de j\u00f3venes y familias que disfrutaron de una feria in\u00e9dita en la ciudad. Dise\u00f1adores locales lucieron sus productos de los rubros deco hogar, indumentaria y accesorios. Adem\u00e1s hubo espacios pet friendly, DJ, gastronom\u00eda y talleres para los chicos. El Paseo del R\u00edo debut\u00f3 a pleno este domingo [&hellip;]<\/p>\n","protected":false},"author":5,"featured_media":22446,"comment_status":"closed","ping_status":"open","sticky":false,"template":"","format":"standard","meta":{"tdm_status":"","tdm_grid_status":"","footnotes":""},"categories":[13],"tags":[1040,6857,6430,58],"class_list":{"0":"post-22445","1":"post","2":"type-post","3":"status-publish","4":"format-standard","5":"has-post-thumbnail","7":"category-region","8":"tag-debut","9":"tag-exitosa-convocatoria","10":"tag-paseo-del-rio","11":"tag-san-lorenzo"},"_links":{"self":[{"href":"https:\/\/www.noticiasmas.com.ar\/index.php\/wp-json\/wp\/v2\/posts\/22445","targetHints":{"allow":["GET"]}}],"collection":[{"href":"https:\/\/www.noticiasmas.com.ar\/index.php\/wp-json\/wp\/v2\/posts"}],"about":[{"href":"https:\/\/www.noticiasmas.com.ar\/index.php\/wp-json\/wp\/v2\/types\/post"}],"author":[{"embeddable":true,"href":"https:\/\/www.noticiasmas.com.ar\/index.php\/wp-json\/wp\/v2\/users\/5"}],"replies":[{"embeddable":true,"href":"https:\/\/www.noticiasmas.com.ar\/index.php\/wp-json\/wp\/v2\/comments?post=22445"}],"version-history":[{"count":1,"href":"https:\/\/www.noticiasmas.com.ar\/index.php\/wp-json\/wp\/v2\/posts\/22445\/revisions"}],"predecessor-version":[{"id":22447,"href":"https:\/\/www.noticiasmas.com.ar\/index.php\/wp-json\/wp\/v2\/posts\/22445\/revisions\/22447"}],"wp:featuredmedia":[{"embeddable":true,"href":"https:\/\/www.noticiasmas.com.ar\/index.php\/wp-json\/wp\/v2\/media\/22446"}],"wp:attachment":[{"href":"https:\/\/www.noticiasmas.com.ar\/index.php\/wp-json\/wp\/v2\/media?parent=22445"}],"wp:term":[{"taxonomy":"category","embeddable":true,"href":"https:\/\/www.noticiasmas.com.ar\/index.php\/wp-json\/wp\/v2\/categories?post=22445"},{"taxonomy":"post_tag","embeddable":true,"href":"https:\/\/www.noticiasmas.com.ar\/index.php\/wp-json\/wp\/v2\/tags?post=22445"}],"curies":[{"name":"wp","href":"https:\/\/api.w.org\/{rel}","templated":true}]}}