{"id":22454,"date":"2026-04-28T19:02:47","date_gmt":"2026-04-28T22:02:47","guid":{"rendered":"https:\/\/www.noticiasmas.com.ar\/?p=22454"},"modified":"2026-04-28T19:02:51","modified_gmt":"2026-04-28T22:02:51","slug":"dia-internacional-de-la-danza-capitan-bermudez-baila-y-sos-parte-de-la-fiesta","status":"publish","type":"post","link":"https:\/\/www.noticiasmas.com.ar\/index.php\/2026\/04\/28\/dia-internacional-de-la-danza-capitan-bermudez-baila-y-sos-parte-de-la-fiesta\/","title":{"rendered":"D\u00eda Internacional de la Danza: &#8220;Capit\u00e1n Berm\u00fadez baila y sos parte de la fiesta&#8221;"},"content":{"rendered":"\n<p>En el marco del D\u00eda Internacional de la Danza, te invitamos al Gran Encuentro de las Danzas este domingo 3 de mayo desde las 15 hs en el predio del ferrocarril.<\/p>\n\n\n\n<p>Una tarde para disfrutar en comunidad, donde el talento local se sube al escenario con toda su energ\u00eda. Participan academias y grupos de nuestra ciudad:<\/p>\n\n\n\n<p>Instituto Carla Bazano Danza y Pilates<\/p>\n\n\n\n<p>Emperatriz &#8211; Danzas Brasileras<\/p>\n\n\n\n<p>Ballet Sipaskuna &#8211; Conjunto Femenino<\/p>\n\n\n\n<p>Ballet Folkl\u00f3rico Yuyay &#8211; Grupo Infantil<\/p>\n\n\n\n<p>GB Dance Studio<\/p>\n\n\n\n<p>Escuela de Danzas Folkl\u00f3ricas Segovia<\/p>\n\n\n\n<p>Academia Luna Nativa<\/p>\n\n\n\n<p>Clases de Tango Roberto Zarate<\/p>\n\n\n\n<p>Clases Vip Studio de Danzas<\/p>\n\n\n\n<p>Clases de Salsa y Bachata Diego Sotelo<\/p>\n\n\n\n<p>Taller de Folklore Lucia Moreyra<\/p>\n\n\n\n<p>Taller de Danzas Folkl\u00f3ricas Argentinas Juan Carlos Villanueva<\/p>\n\n\n\n<p>Mat\u00edas Bosio y Celina Rogala<\/p>\n\n\n\n<p>El Gobierno municipal, adem\u00e1s tiene previsto desarrollar la Feria de Emprendedores y Artesanos, algo que ya es un cl\u00e1sico en los eventos que organiza la ciudad. Trae tu reposera, el mate y ven\u00ed a compartir una tarde distinta, llena de ritmo, cultura y encuentro.<\/p>\n","protected":false},"excerpt":{"rendered":"<p>En el marco del D\u00eda Internacional de la Danza, te invitamos al Gran Encuentro de las Danzas este domingo 3 de mayo desde las 15 hs en el predio del ferrocarril. Una tarde para disfrutar en comunidad, donde el talento local se sube al escenario con toda su energ\u00eda. Participan academias y grupos de nuestra [&hellip;]<\/p>\n","protected":false},"author":5,"featured_media":22455,"comment_status":"closed","ping_status":"open","sticky":false,"template":"","format":"standard","meta":{"tdm_status":"","tdm_grid_status":"","footnotes":""},"categories":[13],"tags":[6863,247,6861,6862,6637],"class_list":{"0":"post-22454","1":"post","2":"type-post","3":"status-publish","4":"format-standard","5":"has-post-thumbnail","7":"category-region","8":"tag-3-de-abril","9":"tag-capitan-bermudez","10":"tag-dia-internacional-de-la-danza","11":"tag-feria-de-artesanos-y-emprendedores","12":"tag-predio-del-ferrocarril"},"_links":{"self":[{"href":"https:\/\/www.noticiasmas.com.ar\/index.php\/wp-json\/wp\/v2\/posts\/22454","targetHints":{"allow":["GET"]}}],"collection":[{"href":"https:\/\/www.noticiasmas.com.ar\/index.php\/wp-json\/wp\/v2\/posts"}],"about":[{"href":"https:\/\/www.noticiasmas.com.ar\/index.php\/wp-json\/wp\/v2\/types\/post"}],"author":[{"embeddable":true,"href":"https:\/\/www.noticiasmas.com.ar\/index.php\/wp-json\/wp\/v2\/users\/5"}],"replies":[{"embeddable":true,"href":"https:\/\/www.noticiasmas.com.ar\/index.php\/wp-json\/wp\/v2\/comments?post=22454"}],"version-history":[{"count":1,"href":"https:\/\/www.noticiasmas.com.ar\/index.php\/wp-json\/wp\/v2\/posts\/22454\/revisions"}],"predecessor-version":[{"id":22456,"href":"https:\/\/www.noticiasmas.com.ar\/index.php\/wp-json\/wp\/v2\/posts\/22454\/revisions\/22456"}],"wp:featuredmedia":[{"embeddable":true,"href":"https:\/\/www.noticiasmas.com.ar\/index.php\/wp-json\/wp\/v2\/media\/22455"}],"wp:attachment":[{"href":"https:\/\/www.noticiasmas.com.ar\/index.php\/wp-json\/wp\/v2\/media?parent=22454"}],"wp:term":[{"taxonomy":"category","embeddable":true,"href":"https:\/\/www.noticiasmas.com.ar\/index.php\/wp-json\/wp\/v2\/categories?post=22454"},{"taxonomy":"post_tag","embeddable":true,"href":"https:\/\/www.noticiasmas.com.ar\/index.php\/wp-json\/wp\/v2\/tags?post=22454"}],"curies":[{"name":"wp","href":"https:\/\/api.w.org\/{rel}","templated":true}]}}