{"id":22458,"date":"2026-04-29T10:32:03","date_gmt":"2026-04-29T13:32:03","guid":{"rendered":"https:\/\/www.noticiasmas.com.ar\/?p=22458"},"modified":"2026-04-29T10:32:08","modified_gmt":"2026-04-29T13:32:08","slug":"clasico-de-maciel-los-clubes-pidieron-que-sea-una-fiesta-en-futbol-y-basquet-sin-violencia","status":"publish","type":"post","link":"https:\/\/www.noticiasmas.com.ar\/index.php\/2026\/04\/29\/clasico-de-maciel-los-clubes-pidieron-que-sea-una-fiesta-en-futbol-y-basquet-sin-violencia\/","title":{"rendered":"Cl\u00e1sico de Maciel: Los clubes pidieron que sea una fiesta en f\u00fatbol y b\u00e1squet sin violencia"},"content":{"rendered":"\n<h2 class=\"wp-block-heading\"><\/h2>\n\n\n\n<p>En la previa de los cl\u00e1sicos de b\u00e1squet y f\u00fatbol entre Alba y Club Maciel que se avecinan este fin de semana, las comisiones directivas de ambos clubes emitieron un comunicado institucional conjunto en el que convocaron a socios, simpatizantes y a toda la comunidad a vivir los encuentros con respeto, alegr\u00eda y esp\u00edritu deportivo.<\/p>\n\n\n\n<p>El texto hace especial hincapi\u00e9 en la prohibici\u00f3n del uso de bombas de estruendo y fuegos de artificio, y apela a la responsabilidad de los hinchas de ambas instituciones para garantizar un ambiente seguro, especialmente para las familias y los ni\u00f1os. &#8220;Cuidar el ambiente, a las familias, a los chicos y a toda la comunidad es nuestra prioridad&#8221;, se\u00f1alaron desde ambas dirigencias.<\/p>\n\n\n\n<p>El comunicado tambi\u00e9n reconoci\u00f3 el trabajo de los deportistas y cuerpos t\u00e9cnicos, y reivindic\u00f3 el rol social de los clubes como espacios de formaci\u00f3n y encuentro. &#8220;Cada partido es una oportunidad para demostrarlo dentro y fuera de la cancha&#8221;, destacaron, al tiempo que convocaron a que los cl\u00e1sicos sean &#8220;una verdadera fiesta para todos&#8221;.<\/p>\n","protected":false},"excerpt":{"rendered":"<p>En la previa de los cl\u00e1sicos de b\u00e1squet y f\u00fatbol entre Alba y Club Maciel que se avecinan este fin de semana, las comisiones directivas de ambos clubes emitieron un comunicado institucional conjunto en el que convocaron a socios, simpatizantes y a toda la comunidad a vivir los encuentros con respeto, alegr\u00eda y esp\u00edritu deportivo. [&hellip;]<\/p>\n","protected":false},"author":9,"featured_media":22459,"comment_status":"closed","ping_status":"open","sticky":false,"template":"","format":"standard","meta":{"tdm_status":"","tdm_grid_status":"","footnotes":""},"categories":[10],"tags":[542,6864,46,2598],"class_list":{"0":"post-22458","1":"post","2":"type-post","3":"status-publish","4":"format-standard","5":"has-post-thumbnail","7":"category-deportes","8":"tag-basquet","9":"tag-clasicos","10":"tag-futbol","11":"tag-maciel"},"_links":{"self":[{"href":"https:\/\/www.noticiasmas.com.ar\/index.php\/wp-json\/wp\/v2\/posts\/22458","targetHints":{"allow":["GET"]}}],"collection":[{"href":"https:\/\/www.noticiasmas.com.ar\/index.php\/wp-json\/wp\/v2\/posts"}],"about":[{"href":"https:\/\/www.noticiasmas.com.ar\/index.php\/wp-json\/wp\/v2\/types\/post"}],"author":[{"embeddable":true,"href":"https:\/\/www.noticiasmas.com.ar\/index.php\/wp-json\/wp\/v2\/users\/9"}],"replies":[{"embeddable":true,"href":"https:\/\/www.noticiasmas.com.ar\/index.php\/wp-json\/wp\/v2\/comments?post=22458"}],"version-history":[{"count":1,"href":"https:\/\/www.noticiasmas.com.ar\/index.php\/wp-json\/wp\/v2\/posts\/22458\/revisions"}],"predecessor-version":[{"id":22460,"href":"https:\/\/www.noticiasmas.com.ar\/index.php\/wp-json\/wp\/v2\/posts\/22458\/revisions\/22460"}],"wp:featuredmedia":[{"embeddable":true,"href":"https:\/\/www.noticiasmas.com.ar\/index.php\/wp-json\/wp\/v2\/media\/22459"}],"wp:attachment":[{"href":"https:\/\/www.noticiasmas.com.ar\/index.php\/wp-json\/wp\/v2\/media?parent=22458"}],"wp:term":[{"taxonomy":"category","embeddable":true,"href":"https:\/\/www.noticiasmas.com.ar\/index.php\/wp-json\/wp\/v2\/categories?post=22458"},{"taxonomy":"post_tag","embeddable":true,"href":"https:\/\/www.noticiasmas.com.ar\/index.php\/wp-json\/wp\/v2\/tags?post=22458"}],"curies":[{"name":"wp","href":"https:\/\/api.w.org\/{rel}","templated":true}]}}