{"id":22463,"date":"2026-05-01T10:17:13","date_gmt":"2026-05-01T13:17:13","guid":{"rendered":"https:\/\/www.noticiasmas.com.ar\/?p=22463"},"modified":"2026-05-01T10:17:19","modified_gmt":"2026-05-01T13:17:19","slug":"la-catt-rosario-dijo-presente-en-la-movilizacion-de-la-cgt-nacional-a-plaza-de-mayo","status":"publish","type":"post","link":"https:\/\/www.noticiasmas.com.ar\/index.php\/2026\/05\/01\/la-catt-rosario-dijo-presente-en-la-movilizacion-de-la-cgt-nacional-a-plaza-de-mayo\/","title":{"rendered":"LA CATT ROSARIO DIJO PRESENTE EN LA MOVILIZACI\u00d3N DE LA CGT NACIONAL A PLAZA DE MAYO"},"content":{"rendered":"\n<p>La Confederaci\u00f3n General del Trabajo (CGT) protagoniz\u00f3 este jueves una movilizaci\u00f3n multitudinaria hacia la Plaza de Mayo, en una jornada cargada de reclamos contra el rumbo econ\u00f3mico del gobierno de Javier Milei. Desde Rosario asistieron los gremios del transporte nucleados en la Confederaci\u00f3n Argentina de Trabajadores del Transporte (CATT)- seccional Rosario.<\/p>\n\n\n\n<p>\u201cPresentes en la gran movida de CGT. Unidos, organizados y en la calle. la \u00fanica lucha que se pierde es la que se abandona. arriba los que luchan\u201d, se\u00f1al\u00f3 Edgardo Arrieta, secretario general de la CATT Rosario.<\/p>\n\n\n\n<p>En la movilizaci\u00f3n tambi\u00e9n se not\u00f3 el fuerte l respaldo de movimientos sociales, sectores de la cultura y la pol\u00edtica.<\/p>\n\n\n\n<p>La columna de la CATT a plaza de mayo arrib\u00f3 desde el edificio de Vialidad Nacional (Julio Roca esquina Moreno).<\/p>\n\n\n\n<p>En tanto est\u00e9 ayer mi\u00e9rcoles la CATT mantuvo un importante encuentro, con Diputados, Senadores Nacionales y dirigentes de la ITF para debatir sobre la grave actualidad de todo el sistema del transporte argentino y la necesidad de tener una planificaci\u00f3n estrat\u00e9gica del transporte multimodal.<\/p>\n","protected":false},"excerpt":{"rendered":"<p>La Confederaci\u00f3n General del Trabajo (CGT) protagoniz\u00f3 este jueves una movilizaci\u00f3n multitudinaria hacia la Plaza de Mayo, en una jornada cargada de reclamos contra el rumbo econ\u00f3mico del gobierno de Javier Milei. Desde Rosario asistieron los gremios del transporte nucleados en la Confederaci\u00f3n Argentina de Trabajadores del Transporte (CATT)- seccional Rosario. \u201cPresentes en la gran [&hellip;]<\/p>\n","protected":false},"author":5,"featured_media":22464,"comment_status":"closed","ping_status":"open","sticky":false,"template":"","format":"standard","meta":{"tdm_status":"","tdm_grid_status":"","footnotes":""},"categories":[1],"tags":[324,2214,6866,6867],"class_list":{"0":"post-22463","1":"post","2":"type-post","3":"status-publish","4":"format-standard","5":"has-post-thumbnail","7":"category-nacionales","8":"tag-argentina","9":"tag-catt","10":"tag-plaza-de-mayo","11":"tag-previa-al-dia-del-trabajador"},"_links":{"self":[{"href":"https:\/\/www.noticiasmas.com.ar\/index.php\/wp-json\/wp\/v2\/posts\/22463","targetHints":{"allow":["GET"]}}],"collection":[{"href":"https:\/\/www.noticiasmas.com.ar\/index.php\/wp-json\/wp\/v2\/posts"}],"about":[{"href":"https:\/\/www.noticiasmas.com.ar\/index.php\/wp-json\/wp\/v2\/types\/post"}],"author":[{"embeddable":true,"href":"https:\/\/www.noticiasmas.com.ar\/index.php\/wp-json\/wp\/v2\/users\/5"}],"replies":[{"embeddable":true,"href":"https:\/\/www.noticiasmas.com.ar\/index.php\/wp-json\/wp\/v2\/comments?post=22463"}],"version-history":[{"count":1,"href":"https:\/\/www.noticiasmas.com.ar\/index.php\/wp-json\/wp\/v2\/posts\/22463\/revisions"}],"predecessor-version":[{"id":22465,"href":"https:\/\/www.noticiasmas.com.ar\/index.php\/wp-json\/wp\/v2\/posts\/22463\/revisions\/22465"}],"wp:featuredmedia":[{"embeddable":true,"href":"https:\/\/www.noticiasmas.com.ar\/index.php\/wp-json\/wp\/v2\/media\/22464"}],"wp:attachment":[{"href":"https:\/\/www.noticiasmas.com.ar\/index.php\/wp-json\/wp\/v2\/media?parent=22463"}],"wp:term":[{"taxonomy":"category","embeddable":true,"href":"https:\/\/www.noticiasmas.com.ar\/index.php\/wp-json\/wp\/v2\/categories?post=22463"},{"taxonomy":"post_tag","embeddable":true,"href":"https:\/\/www.noticiasmas.com.ar\/index.php\/wp-json\/wp\/v2\/tags?post=22463"}],"curies":[{"name":"wp","href":"https:\/\/api.w.org\/{rel}","templated":true}]}}