{"id":22466,"date":"2026-05-01T10:26:53","date_gmt":"2026-05-01T13:26:53","guid":{"rendered":"https:\/\/www.noticiasmas.com.ar\/?p=22466"},"modified":"2026-05-01T10:26:58","modified_gmt":"2026-05-01T13:26:58","slug":"martin-lucero-se-empieza-a-notar-el-malestar-en-la-calles-contra-el-gobierno-nacional","status":"publish","type":"post","link":"https:\/\/www.noticiasmas.com.ar\/index.php\/2026\/05\/01\/martin-lucero-se-empieza-a-notar-el-malestar-en-la-calles-contra-el-gobierno-nacional\/","title":{"rendered":"MART\u00cdN LUCERO: \u201cSE EMPIEZA A NOTAR EL MALESTAR EN LA CALLES CONTRA EL GOBIERNO NACIONAL\u201d"},"content":{"rendered":"\n<p>El secretario adjunto de la CGT Rosario, Mart\u00edn Lucero grafic\u00f3 el acto de CGT Rosario esta tarde de jueves como \u201cun acto impresionante\u201d. \u201cSeguramente el m\u00e1s masivo del movimiento obrero de los \u00faltimos a\u00f1os que se hizo en unidad tambi\u00e9n con los gremios de la CTA, con aporte de la Intersindical que conforman gremios de la CGT, sin dudas nos parece que hay una expresi\u00f3n de la clase obrera de rechazo a las pol\u00edticas que viene implementando el gobierno nacional\u201d, agreg\u00f3.<\/p>\n\n\n\n<p>El tambi\u00e9n secretario general del gremio de Docentes Privados (SADOP) evalu\u00f3 la gran movilizaci\u00f3n \u201cno solo en rechazo a la reforma laboral que es una reforma retardataria que va en contra de los derechos de los trabajadores, sino en el d\u00eda a d\u00eda con la inflaci\u00f3n que se viene comiendo los salarios, con el congelamiento salarial, con la falta de paritaria tanto a nivel nacional como en Santa Fe\u201d. \u201centones contin\u00fao &#8211; todo esto hace un caldo de cultivo para que de manera masiva se exprese en las calles, a trav\u00e9s de las organizaciones gremiales, sociales y de jubilados que vienen padeciendo de una manera cruel y sangrienta las pol\u00edticas que implementa este gobierno\u201d.<\/p>\n\n\n\n<figure class=\"wp-block-image size-large\"><img loading=\"lazy\" decoding=\"async\" width=\"1024\" height=\"683\" src=\"https:\/\/www.noticiasmas.com.ar\/wp-content\/uploads\/2026\/05\/Marcha-rosario-1024x683.jpg\" alt=\"\" class=\"wp-image-22467\" srcset=\"https:\/\/www.noticiasmas.com.ar\/wp-content\/uploads\/2026\/05\/Marcha-rosario-1024x683.jpg 1024w, https:\/\/www.noticiasmas.com.ar\/wp-content\/uploads\/2026\/05\/Marcha-rosario-300x200.jpg 300w, https:\/\/www.noticiasmas.com.ar\/wp-content\/uploads\/2026\/05\/Marcha-rosario-768x512.jpg 768w, https:\/\/www.noticiasmas.com.ar\/wp-content\/uploads\/2026\/05\/Marcha-rosario-150x100.jpg 150w, https:\/\/www.noticiasmas.com.ar\/wp-content\/uploads\/2026\/05\/Marcha-rosario-696x464.jpg 696w, https:\/\/www.noticiasmas.com.ar\/wp-content\/uploads\/2026\/05\/Marcha-rosario-1068x712.jpg 1068w, https:\/\/www.noticiasmas.com.ar\/wp-content\/uploads\/2026\/05\/Marcha-rosario.jpg 1200w\" sizes=\"auto, (max-width: 1024px) 100vw, 1024px\" \/><\/figure>\n\n\n\n<p>En ese te 1ro de mayo \u201chay que tomar nota de este asunto del malestar que se empieza notar en la sociedad y que manifiesta claramente en la scalles es un s\u00edntoma que deber\u00edan tener los gobiernos a la hora de seguir legislando y es muy apropiado el llamado de atenci\u00f3n que se les ha realizado a los funcionarios y tambi\u00e9n a diputados y senadores que votan en contra de los trabajadores, traicionando el mandato popular\u201d, complet\u00f3 Lucero.<\/p>\n","protected":false},"excerpt":{"rendered":"<p>El secretario adjunto de la CGT Rosario, Mart\u00edn Lucero grafic\u00f3 el acto de CGT Rosario esta tarde de jueves como \u201cun acto impresionante\u201d. \u201cSeguramente el m\u00e1s masivo del movimiento obrero de los \u00faltimos a\u00f1os que se hizo en unidad tambi\u00e9n con los gremios de la CTA, con aporte de la Intersindical que conforman gremios de [&hellip;]<\/p>\n","protected":false},"author":5,"featured_media":22468,"comment_status":"closed","ping_status":"open","sticky":false,"template":"","format":"standard","meta":{"tdm_status":"","tdm_grid_status":"","footnotes":""},"categories":[13],"tags":[1779,6030,1705,163,799],"class_list":{"0":"post-22466","1":"post","2":"type-post","3":"status-publish","4":"format-standard","5":"has-post-thumbnail","7":"category-region","8":"tag-acto","9":"tag-cgt-rosario","10":"tag-cta","11":"tag-rosario","12":"tag-sadop"},"_links":{"self":[{"href":"https:\/\/www.noticiasmas.com.ar\/index.php\/wp-json\/wp\/v2\/posts\/22466","targetHints":{"allow":["GET"]}}],"collection":[{"href":"https:\/\/www.noticiasmas.com.ar\/index.php\/wp-json\/wp\/v2\/posts"}],"about":[{"href":"https:\/\/www.noticiasmas.com.ar\/index.php\/wp-json\/wp\/v2\/types\/post"}],"author":[{"embeddable":true,"href":"https:\/\/www.noticiasmas.com.ar\/index.php\/wp-json\/wp\/v2\/users\/5"}],"replies":[{"embeddable":true,"href":"https:\/\/www.noticiasmas.com.ar\/index.php\/wp-json\/wp\/v2\/comments?post=22466"}],"version-history":[{"count":1,"href":"https:\/\/www.noticiasmas.com.ar\/index.php\/wp-json\/wp\/v2\/posts\/22466\/revisions"}],"predecessor-version":[{"id":22469,"href":"https:\/\/www.noticiasmas.com.ar\/index.php\/wp-json\/wp\/v2\/posts\/22466\/revisions\/22469"}],"wp:featuredmedia":[{"embeddable":true,"href":"https:\/\/www.noticiasmas.com.ar\/index.php\/wp-json\/wp\/v2\/media\/22468"}],"wp:attachment":[{"href":"https:\/\/www.noticiasmas.com.ar\/index.php\/wp-json\/wp\/v2\/media?parent=22466"}],"wp:term":[{"taxonomy":"category","embeddable":true,"href":"https:\/\/www.noticiasmas.com.ar\/index.php\/wp-json\/wp\/v2\/categories?post=22466"},{"taxonomy":"post_tag","embeddable":true,"href":"https:\/\/www.noticiasmas.com.ar\/index.php\/wp-json\/wp\/v2\/tags?post=22466"}],"curies":[{"name":"wp","href":"https:\/\/api.w.org\/{rel}","templated":true}]}}