{"id":22470,"date":"2026-05-01T11:02:05","date_gmt":"2026-05-01T14:02:05","guid":{"rendered":"https:\/\/www.noticiasmas.com.ar\/?p=22470"},"modified":"2026-05-01T11:02:10","modified_gmt":"2026-05-01T14:02:10","slug":"fray-luis-beltran-comienza-la-campana-2026-de-vacunacion-antirrabica","status":"publish","type":"post","link":"https:\/\/www.noticiasmas.com.ar\/index.php\/2026\/05\/01\/fray-luis-beltran-comienza-la-campana-2026-de-vacunacion-antirrabica\/","title":{"rendered":"Fray Luis Beltr\u00e1n: Comienza la Campa\u00f1a 2026 de Vacunaci\u00f3n Antirr\u00e1bica"},"content":{"rendered":"\n<p>El Gobierno municipal anunci\u00f3 que en los pr\u00f3ximos d\u00edas dar\u00e1 comienzo la Campa\u00f1a de Vacunaci\u00f3n Antirr\u00e1bica 2026 en distintos puntos de la ciudad. La misma est\u00e1 destinada a perros y gatos mayores a los 4 meses de vida y la primera posta ser\u00e1 el 13 de mayo.<\/p>\n\n\n\n<p>Desde el \u00e1rea de salud recuerdan que los propietarios tendr\u00e1n que ir munidos de su DNI y llevar a sus mascotas con correa (y bozal si son agresivos) y a los gatos en jaula, bolso o transportadora.<\/p>\n\n\n\n<p>Cronogr\u00e1ma:<\/p>\n\n\n\n<p>13\/5 \u2013 Retiro<br>(9 de Julio y Eva Per\u00f3n)<\/p>\n\n\n\n<p>19\/5 \u2013 Hospital<br>(Presidente Per\u00f3n 501)<\/p>\n\n\n\n<p>20\/5 \u2013 C. Escalada<br>(Avellaneda y Laprida)<\/p>\n\n\n\n<p>26\/5 \u2013 Omb\u00fa<br>(Gral. Savio 800)<\/p>\n\n\n\n<p>27\/5 \u2013 3 de Febrero<br>(Plaza Palestina)<\/p>\n\n\n\n<p>2\/6 \u2013 Batall\u00f3n<\/p>\n\n\n\n<p>3\/6 \u2013 F\u00e1brica Militar<\/p>\n\n\n\n<p>9\/6 \u2013 Plaza Magnolia<br>(Caseros y Alvear)<\/p>\n\n\n\n<p>10\/6 \u2013 Bicentenario<br>(Sarmiento 1133)<\/p>\n\n\n\n<p>16\/6 \u2013 Granaderos<br>(Lavalle y Saavedra)<\/p>\n\n\n\n<p>La rabia es una zoonosis de origen viral que afecta al sistema nervioso central (SNC) de todas las especies de mam\u00edferos, incluido el ser humano. En la gran mayor\u00eda de los casos presenta un desenlace fatal. En nuestro pa\u00eds los murci\u00e9lagos, perros y gatos son los principales transmisores de esta enfermedad, pero tambi\u00e9n pueden serlo otros animales de compa\u00f1\u00eda, de producci\u00f3n y silvestres.<\/p>\n\n\n\n<p>Se transmite principalmente a trav\u00e9s de la saliva de un animal infectado. El virus ingresa por medio de la herida causada por una mordedura, o bien cuando el animal lame una parte del cuerpo de la persona, como alguna lastimadura reciente en la piel.<\/p>\n\n\n\n<p>Se previene vacunando cada a\u00f1o a los perros y gatos contra la rabia a partir de los 3 meses de edad y durante toda su vida.<\/p>\n","protected":false},"excerpt":{"rendered":"<p>El Gobierno municipal anunci\u00f3 que en los pr\u00f3ximos d\u00edas dar\u00e1 comienzo la Campa\u00f1a de Vacunaci\u00f3n Antirr\u00e1bica 2026 en distintos puntos de la ciudad. La misma est\u00e1 destinada a perros y gatos mayores a los 4 meses de vida y la primera posta ser\u00e1 el 13 de mayo. Desde el \u00e1rea de salud recuerdan que los [&hellip;]<\/p>\n","protected":false},"author":5,"featured_media":22471,"comment_status":"closed","ping_status":"open","sticky":false,"template":"","format":"standard","meta":{"tdm_status":"","tdm_grid_status":"","footnotes":""},"categories":[13],"tags":[3036,6868,335],"class_list":{"0":"post-22470","1":"post","2":"type-post","3":"status-publish","4":"format-standard","5":"has-post-thumbnail","7":"category-region","8":"tag-campana-antirrabica","9":"tag-comienzo-15-05","10":"tag-fray-luis-beltran"},"_links":{"self":[{"href":"https:\/\/www.noticiasmas.com.ar\/index.php\/wp-json\/wp\/v2\/posts\/22470","targetHints":{"allow":["GET"]}}],"collection":[{"href":"https:\/\/www.noticiasmas.com.ar\/index.php\/wp-json\/wp\/v2\/posts"}],"about":[{"href":"https:\/\/www.noticiasmas.com.ar\/index.php\/wp-json\/wp\/v2\/types\/post"}],"author":[{"embeddable":true,"href":"https:\/\/www.noticiasmas.com.ar\/index.php\/wp-json\/wp\/v2\/users\/5"}],"replies":[{"embeddable":true,"href":"https:\/\/www.noticiasmas.com.ar\/index.php\/wp-json\/wp\/v2\/comments?post=22470"}],"version-history":[{"count":1,"href":"https:\/\/www.noticiasmas.com.ar\/index.php\/wp-json\/wp\/v2\/posts\/22470\/revisions"}],"predecessor-version":[{"id":22472,"href":"https:\/\/www.noticiasmas.com.ar\/index.php\/wp-json\/wp\/v2\/posts\/22470\/revisions\/22472"}],"wp:featuredmedia":[{"embeddable":true,"href":"https:\/\/www.noticiasmas.com.ar\/index.php\/wp-json\/wp\/v2\/media\/22471"}],"wp:attachment":[{"href":"https:\/\/www.noticiasmas.com.ar\/index.php\/wp-json\/wp\/v2\/media?parent=22470"}],"wp:term":[{"taxonomy":"category","embeddable":true,"href":"https:\/\/www.noticiasmas.com.ar\/index.php\/wp-json\/wp\/v2\/categories?post=22470"},{"taxonomy":"post_tag","embeddable":true,"href":"https:\/\/www.noticiasmas.com.ar\/index.php\/wp-json\/wp\/v2\/tags?post=22470"}],"curies":[{"name":"wp","href":"https:\/\/api.w.org\/{rel}","templated":true}]}}