{"id":22480,"date":"2026-05-01T18:59:36","date_gmt":"2026-05-01T21:59:36","guid":{"rendered":"https:\/\/www.noticiasmas.com.ar\/?p=22480"},"modified":"2026-05-01T18:59:40","modified_gmt":"2026-05-01T21:59:40","slug":"granadero-baigorria-avanza-la-reconstruccion-del-centro-de-salud-de-barrio-san-fernando","status":"publish","type":"post","link":"https:\/\/www.noticiasmas.com.ar\/index.php\/2026\/05\/01\/granadero-baigorria-avanza-la-reconstruccion-del-centro-de-salud-de-barrio-san-fernando\/","title":{"rendered":"Granadero Baigorria: Avanza la reconstrucci\u00f3n del Centro de Salud de barrio San Fernando"},"content":{"rendered":"\n<p>El intendente de Granadero Baigorria Adri\u00e1n Maglia gestion\u00f3 ante el Gobierno de Santa Fe la remodelaci\u00f3n total del efector provincial. Los trabajos, ya en ejecuci\u00f3n, optimizar\u00e1n la atenci\u00f3n de vecinos del barrio. La atenci\u00f3n del efector contin\u00faa mientras los trabajos se realizan.&nbsp;<\/p>\n\n\n\n<p>El intendente Adri\u00e1n Maglia supervis\u00f3 el inicio de la reforma integral del Centro de Salud N\u00ba 18 de barrio San Fernando, una obra estrat\u00e9gica que representa una inversi\u00f3n provincial de $174 millones. La mejora estructural de este efector es el resultado de gestiones directas del mandatario local ante el gobernador Maximiliano Pullaro, quien dio luz verde al presupuesto para modernizar el edificio.<\/p>\n\n\n\n<p>La obra, cuya licitaci\u00f3n fue encabezada por la vicegobernadora Gisela Scaglia en octubre de 2025, est\u00e1 en plena ejecuci\u00f3n. La reforma incluye reparaciones estructurales, pisos nuevos y modernizaci\u00f3n de instalaciones sanitarias, el\u00e9ctricas y de datos; consultorios con mobiliario nuevo y \u00e1reas de atenci\u00f3n con ventilaci\u00f3n e iluminaci\u00f3n optimizadas; e informatizaci\u00f3n completa y conectividad con la red provincial.<\/p>\n\n\n\n<p>Si bien el Centro de Salud San Fernando es un efector bajo la \u00f3rbita del Ministerio de Salud de Santa Fe, el intendente Maglia destac\u00f3 la importancia de la articulaci\u00f3n pol\u00edtica para concretar el proyecto. &#8220;Es una obra que venimos gestionando desde el municipio ante la provincia. Agradecemos la decisi\u00f3n pol\u00edtica del gobernador Pullaro de convertir esta necesidad en realidad&#8221;.<\/p>\n","protected":false},"excerpt":{"rendered":"<p>El intendente de Granadero Baigorria Adri\u00e1n Maglia gestion\u00f3 ante el Gobierno de Santa Fe la remodelaci\u00f3n total del efector provincial. Los trabajos, ya en ejecuci\u00f3n, optimizar\u00e1n la atenci\u00f3n de vecinos del barrio. La atenci\u00f3n del efector contin\u00faa mientras los trabajos se realizan.&nbsp; El intendente Adri\u00e1n Maglia supervis\u00f3 el inicio de la reforma integral del Centro [&hellip;]<\/p>\n","protected":false},"author":5,"featured_media":22481,"comment_status":"closed","ping_status":"open","sticky":false,"template":"","format":"standard","meta":{"tdm_status":"","tdm_grid_status":"","footnotes":""},"categories":[13],"tags":[6873,6874,246,53],"class_list":{"0":"post-22480","1":"post","2":"type-post","3":"status-publish","4":"format-standard","5":"has-post-thumbnail","7":"category-region","8":"tag-avanzan-las-obras","9":"tag-ctro-salud-san-fernando","10":"tag-granadero-baigorria","11":"tag-salud"},"_links":{"self":[{"href":"https:\/\/www.noticiasmas.com.ar\/index.php\/wp-json\/wp\/v2\/posts\/22480","targetHints":{"allow":["GET"]}}],"collection":[{"href":"https:\/\/www.noticiasmas.com.ar\/index.php\/wp-json\/wp\/v2\/posts"}],"about":[{"href":"https:\/\/www.noticiasmas.com.ar\/index.php\/wp-json\/wp\/v2\/types\/post"}],"author":[{"embeddable":true,"href":"https:\/\/www.noticiasmas.com.ar\/index.php\/wp-json\/wp\/v2\/users\/5"}],"replies":[{"embeddable":true,"href":"https:\/\/www.noticiasmas.com.ar\/index.php\/wp-json\/wp\/v2\/comments?post=22480"}],"version-history":[{"count":1,"href":"https:\/\/www.noticiasmas.com.ar\/index.php\/wp-json\/wp\/v2\/posts\/22480\/revisions"}],"predecessor-version":[{"id":22482,"href":"https:\/\/www.noticiasmas.com.ar\/index.php\/wp-json\/wp\/v2\/posts\/22480\/revisions\/22482"}],"wp:featuredmedia":[{"embeddable":true,"href":"https:\/\/www.noticiasmas.com.ar\/index.php\/wp-json\/wp\/v2\/media\/22481"}],"wp:attachment":[{"href":"https:\/\/www.noticiasmas.com.ar\/index.php\/wp-json\/wp\/v2\/media?parent=22480"}],"wp:term":[{"taxonomy":"category","embeddable":true,"href":"https:\/\/www.noticiasmas.com.ar\/index.php\/wp-json\/wp\/v2\/categories?post=22480"},{"taxonomy":"post_tag","embeddable":true,"href":"https:\/\/www.noticiasmas.com.ar\/index.php\/wp-json\/wp\/v2\/tags?post=22480"}],"curies":[{"name":"wp","href":"https:\/\/api.w.org\/{rel}","templated":true}]}}