{"id":22483,"date":"2026-05-01T19:19:35","date_gmt":"2026-05-01T22:19:35","guid":{"rendered":"https:\/\/www.noticiasmas.com.ar\/?p=22483"},"modified":"2026-05-01T19:19:39","modified_gmt":"2026-05-01T22:19:39","slug":"puerto-san-martin-se-inauguro-el-ingreso-vial-mas-esperado","status":"publish","type":"post","link":"https:\/\/www.noticiasmas.com.ar\/index.php\/2026\/05\/01\/puerto-san-martin-se-inauguro-el-ingreso-vial-mas-esperado\/","title":{"rendered":"Puerto San Mart\u00edn: Se inaugur\u00f3 el ingreso vial m\u00e1s esperado"},"content":{"rendered":"\n<p>El intendente Carlos De Grandis, habilit\u00f3 una nueva traza de bulevar Am\u00e9rica que se extiende desde calle Los Naranjos hasta La Colectora, completando as\u00ed la transformaci\u00f3n en boulevard, de toda la antigua calle Am\u00e9rica, hasta el l\u00edmite con la Autopista Rosario-Santa Fe y una rotonda de ingreso que jerarquiza el acceso. \u201cEn el acceso a Puerto General San Mart\u00edn, transformamos la circulaci\u00f3n con planificaci\u00f3n, y la transitabilidad en seguridad para nuestros vecinos\u201d ratific\u00f3 el intendente.<\/p>\n\n\n\n<p>Las obras ejecutadas:<\/p>\n\n\n\n<p>4.080 metros c\u00fabicos de movimiento de suelos que dieron forma a una nueva traza.<\/p>\n\n\n\n<p>M\u00e1s de 4.000 metros c\u00fabicos de asfalto que consolidan una infraestructura firme y duradera.<\/p>\n\n\n\n<p>2.000 metros lineales de cordones que ordenan y contienen.<\/p>\n\n\n\n<p>Desag\u00fces pluviales que garantizan respuesta hidr\u00e1ulica y previsi\u00f3n.<\/p>\n\n\n\n<p>Una rotonda de ingreso que optimiza flujos de tr\u00e1nsito, reduce riesgos y jerarquiza el acceso. Y en el centro, una torre de iluminaci\u00f3n que no solo ilumina, sino que tambi\u00e9n marca un nuevo hito visible desde la autopista.<\/p>\n\n\n\n<p>Un boulevard central con nueva iluminaci\u00f3n y palmeras que proyectan identidad urbana.<\/p>\n\n\n\n<p>Una bicisenda que integra movilidad y futuro.<\/p>\n\n\n\n<figure class=\"wp-block-image size-large\"><img loading=\"lazy\" decoding=\"async\" width=\"1024\" height=\"683\" src=\"https:\/\/www.noticiasmas.com.ar\/wp-content\/uploads\/2026\/05\/Doble-traza-America-1024x683.jpg\" alt=\"\" class=\"wp-image-22484\" srcset=\"https:\/\/www.noticiasmas.com.ar\/wp-content\/uploads\/2026\/05\/Doble-traza-America-1024x683.jpg 1024w, https:\/\/www.noticiasmas.com.ar\/wp-content\/uploads\/2026\/05\/Doble-traza-America-300x200.jpg 300w, https:\/\/www.noticiasmas.com.ar\/wp-content\/uploads\/2026\/05\/Doble-traza-America-768x512.jpg 768w, https:\/\/www.noticiasmas.com.ar\/wp-content\/uploads\/2026\/05\/Doble-traza-America-150x100.jpg 150w, https:\/\/www.noticiasmas.com.ar\/wp-content\/uploads\/2026\/05\/Doble-traza-America-696x464.jpg 696w, https:\/\/www.noticiasmas.com.ar\/wp-content\/uploads\/2026\/05\/Doble-traza-America-1068x712.jpg 1068w, https:\/\/www.noticiasmas.com.ar\/wp-content\/uploads\/2026\/05\/Doble-traza-America.jpg 1200w\" sizes=\"auto, (max-width: 1024px) 100vw, 1024px\" \/><\/figure>\n\n\n\n<p>La rotonda permitir\u00e1 ordenar el tr\u00e1nsito en este punto estrat\u00e9gico, facilitando la circulaci\u00f3n y mejorando la seguridad vial. La intervenci\u00f3n no s\u00f3lo busca optimizar la conexi\u00f3n entre barrios y zonas productivas, sino tambi\u00e9n sumar espacios pensados para la movilidad sustentable, con la inclusi\u00f3n de la ciclov\u00eda. De esta forma, la obra dar\u00e1 respuesta a una demanda creciente de los vecinos, a trabajadores que ingresan desde otros puntos a las empresas, y aportar\u00e1 a la planificaci\u00f3n urbana de la ciudad.<\/p>\n\n\n\n<p>\u201cEsto no es s\u00f3lo infraestructura, es planificaci\u00f3n, es desarrollo, es la nueva puerta de entrada a la ciudad\u201d, finaliz\u00f3 el intendente.<\/p>\n","protected":false},"excerpt":{"rendered":"<p>El intendente Carlos De Grandis, habilit\u00f3 una nueva traza de bulevar Am\u00e9rica que se extiende desde calle Los Naranjos hasta La Colectora, completando as\u00ed la transformaci\u00f3n en boulevard, de toda la antigua calle Am\u00e9rica, hasta el l\u00edmite con la Autopista Rosario-Santa Fe y una rotonda de ingreso que jerarquiza el acceso. \u201cEn el acceso a [&hellip;]<\/p>\n","protected":false},"author":5,"featured_media":22485,"comment_status":"closed","ping_status":"open","sticky":false,"template":"","format":"standard","meta":{"tdm_status":"","tdm_grid_status":"","footnotes":""},"categories":[13],"tags":[6875,6876,52,5590],"class_list":{"0":"post-22483","1":"post","2":"type-post","3":"status-publish","4":"format-standard","5":"has-post-thumbnail","7":"category-region","8":"tag-ingreso-por-america","9":"tag-nueva-iluminacion","10":"tag-puerto-san-martin","11":"tag-rotonda-y-doble-traza"},"_links":{"self":[{"href":"https:\/\/www.noticiasmas.com.ar\/index.php\/wp-json\/wp\/v2\/posts\/22483","targetHints":{"allow":["GET"]}}],"collection":[{"href":"https:\/\/www.noticiasmas.com.ar\/index.php\/wp-json\/wp\/v2\/posts"}],"about":[{"href":"https:\/\/www.noticiasmas.com.ar\/index.php\/wp-json\/wp\/v2\/types\/post"}],"author":[{"embeddable":true,"href":"https:\/\/www.noticiasmas.com.ar\/index.php\/wp-json\/wp\/v2\/users\/5"}],"replies":[{"embeddable":true,"href":"https:\/\/www.noticiasmas.com.ar\/index.php\/wp-json\/wp\/v2\/comments?post=22483"}],"version-history":[{"count":1,"href":"https:\/\/www.noticiasmas.com.ar\/index.php\/wp-json\/wp\/v2\/posts\/22483\/revisions"}],"predecessor-version":[{"id":22486,"href":"https:\/\/www.noticiasmas.com.ar\/index.php\/wp-json\/wp\/v2\/posts\/22483\/revisions\/22486"}],"wp:featuredmedia":[{"embeddable":true,"href":"https:\/\/www.noticiasmas.com.ar\/index.php\/wp-json\/wp\/v2\/media\/22485"}],"wp:attachment":[{"href":"https:\/\/www.noticiasmas.com.ar\/index.php\/wp-json\/wp\/v2\/media?parent=22483"}],"wp:term":[{"taxonomy":"category","embeddable":true,"href":"https:\/\/www.noticiasmas.com.ar\/index.php\/wp-json\/wp\/v2\/categories?post=22483"},{"taxonomy":"post_tag","embeddable":true,"href":"https:\/\/www.noticiasmas.com.ar\/index.php\/wp-json\/wp\/v2\/tags?post=22483"}],"curies":[{"name":"wp","href":"https:\/\/api.w.org\/{rel}","templated":true}]}}