{"id":2299,"date":"2024-01-05T14:48:08","date_gmt":"2024-01-05T17:48:08","guid":{"rendered":"https:\/\/www.noticiasmas.com.ar\/?p=2299"},"modified":"2024-01-05T14:54:25","modified_gmt":"2024-01-05T17:54:25","slug":"fiscalia-ofrece-recompensa-millonaria-para-quienes-colaboren-con-la-resolucion-de-tres-casos-de-homicidio","status":"publish","type":"post","link":"https:\/\/www.noticiasmas.com.ar\/index.php\/2024\/01\/05\/fiscalia-ofrece-recompensa-millonaria-para-quienes-colaboren-con-la-resolucion-de-tres-casos-de-homicidio\/","title":{"rendered":"Fiscal\u00eda ofrece recompensa millonaria para quienes colaboren con la resoluci\u00f3n de tres casos de homicidio"},"content":{"rendered":"\n<p><\/p>\n\n\n\n<p><\/p>\n\n\n\n<p>La <strong>Fiscal\u00eda Regional Segunda Circunscripci\u00f3n de Rosario ofrece<\/strong> una recompensa de <strong>$1.000.000<\/strong> para quienes aporten datos certeros vinculados a las investigaciones de los cr\u00edmenes de Ivana Garcilazo, Mauro Villamil y Maximiliano G\u00f3mez, casos resonantes ocurridos en 2023 los dos primeros y en 2021 el restante.<\/p>\n\n\n\n<p>A trav\u00e9s del Ministerio de Gobierno, Justicia y Derechos Humanos, se habilit\u00f3 la suma de un mill\u00f3n de pesos como recompensa para quienes \u201caporten datos \u00fatiles, relevantes y decisivos para lograr la identificaci\u00f3n de la persona sindicada que se observa en las im\u00e1genes adjuntas. Por su parte la identidad de aquellas personas que brinden informaci\u00f3n ser\u00e1 preservada durante y despu\u00e9s de finalizada la investigaci\u00f3n\u201d.<\/p>\n\n\n\n<p>El primero de los casos es el de<strong> Ivana Garcilazo<\/strong>, la joven de 32 a\u00f1os de edad asesinada luego de un ataque de tres hinchas de Newell\u2019s post cl\u00e1sico rosarino, disputado el pasado 30 de septiembre.<\/p>\n\n\n\n<p>La Fiscal\u00eda contin\u00faa intentando dar con el paradero de <em>Dami\u00e1n Reinfestuel<\/em>, el \u00faltimo de los sospechosos que a\u00fan no fue detenido, y quien se encuentra pr\u00f3fugo desde hace ya varios meses. Otras dos personas se encuentran detenidas e imputadas por el hecho, mientras que el paradero de este tercero a\u00fan es desconocido, aunque se presume que estar\u00eda escondi\u00e9ndose, con pedido de captura, en Bolivia.<\/p>\n\n\n\n<p><strong>Mauro Villamil<\/strong>, de 36 a\u00f1os de edad, fue asesinado el 3 de mayo del 2023, cuando realizaba las compras en una verduler\u00eda ubicada en Corrientes y Guti\u00e9rrez. Hay un hombre identificado como autor del hecho que hasta el momento se encuentra pr\u00f3fugo, y desde la Fiscal\u00eda solicitan de la informaci\u00f3n sobre su paradero para su posterior juzgamiento.<\/p>\n\n\n\n<p><strong>Maximiliano G\u00f3mez <\/strong>tenia 27 de a\u00f1os de edad cuando fue atacado a tiros en la zona de Circunvalaci\u00f3n y Baigorria, el 23 de diciembre de 2021, durante las 15:30 cuando este terminaba su turno laboral en la planta de electrodom\u00e9sticos Liliana, ubicada en Granadero Baigorria.<\/p>\n\n\n\n<p>A\u00fan, pese a haber pasado m\u00e1s de dos a\u00f1os del crimen, no se conoce mucho m\u00e1s de los autores de este brutal crimen, por lo que intentan recolectar datos y pruebas sobre estas personas.<\/p>\n\n\n\n<p>\u201cTodo aquel que pueda aportar datos tendr\u00e1 la reserva del caso y puede comunicarse a las redes sociales de Fiscal\u00eda Regional Segunda Circunscripci\u00f3n Rosario (Facebook, Twitter e Instagram) presentarse en la Unidad de Homicidios Dolosos, ubicada en el Centro de Justicia, sita en calle Sarmiento 2850 de Rosario, como as\u00ed tambi\u00e9n en cual cualquier sede de Fiscal\u00edas Regionales de la Provincia\u201d, se\u00f1alaron desde la Fiscal\u00eda.<\/p>\n","protected":false},"excerpt":{"rendered":"<p>La Fiscal\u00eda Regional Segunda Circunscripci\u00f3n de Rosario ofrece una recompensa de $1.000.000 para quienes aporten datos certeros vinculados a las investigaciones de los cr\u00edmenes de Ivana Garcilazo, Mauro Villamil y Maximiliano G\u00f3mez, casos resonantes ocurridos en 2023 los dos primeros y en 2021 el restante. A trav\u00e9s del Ministerio de Gobierno, Justicia y Derechos Humanos, [&hellip;]<\/p>\n","protected":false},"author":9,"featured_media":2301,"comment_status":"closed","ping_status":"open","sticky":false,"template":"","format":"standard","meta":{"tdm_status":"","tdm_grid_status":"","footnotes":""},"categories":[13],"tags":[186,158,956,966],"class_list":{"0":"post-2299","1":"post","2":"type-post","3":"status-publish","4":"format-standard","5":"has-post-thumbnail","7":"category-region","8":"tag-crimen","9":"tag-fiscalia","10":"tag-ministerio-publico-de-la-acusacion","11":"tag-recompensa"},"_links":{"self":[{"href":"https:\/\/www.noticiasmas.com.ar\/index.php\/wp-json\/wp\/v2\/posts\/2299","targetHints":{"allow":["GET"]}}],"collection":[{"href":"https:\/\/www.noticiasmas.com.ar\/index.php\/wp-json\/wp\/v2\/posts"}],"about":[{"href":"https:\/\/www.noticiasmas.com.ar\/index.php\/wp-json\/wp\/v2\/types\/post"}],"author":[{"embeddable":true,"href":"https:\/\/www.noticiasmas.com.ar\/index.php\/wp-json\/wp\/v2\/users\/9"}],"replies":[{"embeddable":true,"href":"https:\/\/www.noticiasmas.com.ar\/index.php\/wp-json\/wp\/v2\/comments?post=2299"}],"version-history":[{"count":2,"href":"https:\/\/www.noticiasmas.com.ar\/index.php\/wp-json\/wp\/v2\/posts\/2299\/revisions"}],"predecessor-version":[{"id":2304,"href":"https:\/\/www.noticiasmas.com.ar\/index.php\/wp-json\/wp\/v2\/posts\/2299\/revisions\/2304"}],"wp:featuredmedia":[{"embeddable":true,"href":"https:\/\/www.noticiasmas.com.ar\/index.php\/wp-json\/wp\/v2\/media\/2301"}],"wp:attachment":[{"href":"https:\/\/www.noticiasmas.com.ar\/index.php\/wp-json\/wp\/v2\/media?parent=2299"}],"wp:term":[{"taxonomy":"category","embeddable":true,"href":"https:\/\/www.noticiasmas.com.ar\/index.php\/wp-json\/wp\/v2\/categories?post=2299"},{"taxonomy":"post_tag","embeddable":true,"href":"https:\/\/www.noticiasmas.com.ar\/index.php\/wp-json\/wp\/v2\/tags?post=2299"}],"curies":[{"name":"wp","href":"https:\/\/api.w.org\/{rel}","templated":true}]}}