{"id":2351,"date":"2024-01-06T11:09:21","date_gmt":"2024-01-06T14:09:21","guid":{"rendered":"https:\/\/www.noticiasmas.com.ar\/?p=2351"},"modified":"2024-01-06T11:09:22","modified_gmt":"2024-01-06T14:09:22","slug":"biocombustibles-el-gobierno-lleva-el-reclamo-de-santa-fe-a-casa-rosada","status":"publish","type":"post","link":"https:\/\/www.noticiasmas.com.ar\/index.php\/2024\/01\/06\/biocombustibles-el-gobierno-lleva-el-reclamo-de-santa-fe-a-casa-rosada\/","title":{"rendered":"BIOCOMBUSTIBLES: EL GOBIERNO LLEVA EL RECLAMO DE SANTA FE A CASA ROSADA"},"content":{"rendered":"\n<p>El ministro de Desarrollo Productivo, Gustavo Puccini, junto a la vicegobernadora Gisela Scaglia, mantendr\u00e1n un encuentro con el ministro del Interior de la Naci\u00f3n en Buenos Aires este lunes. La reuni\u00f3n servir\u00e1 para plantear la mirada santafesina en torno a la Ley de Biocombustibles. D\u00edas atr\u00e1s el Gobierno de Maximiliano Pullaro envi\u00f3 una carta a legisladores nacionales santafesinos inst\u00e1ndolos a lograr acuerdos para defender las econom\u00edas regionales.<\/p>\n\n\n\n<p>Con el objetivo de plantear la mirada del Gobierno de la Provincia en torno a la Ley de Biocombustibles, este lunes se desarrollar\u00e1 una reuni\u00f3n en Casa Rosada de la que participar\u00e1n el ministro de Desarrollo Productivo, Gustavo Puccini y la vicegobernadora Gisela Scaglia. El encuentro tendr\u00e1 como anfitri\u00f3n al ministro del Interior, Guillermo Francos; junto a funcionarios nacionales y de otras provincias con desarrollo en la problem\u00e1tica.<br>En el paquete de reformas que impulsa el Ejecutivo nacional, se incluyen cambios en la ley que regula la industria del biocombustible, eliminando el corte obligatorio y permitiendo el ingreso de industrias petroleras al mercado. \u201cEntendemos que hay un lobby petrolero que perjudica directamente a Santa Fe. En nuestra mirada, tenemos que ir a un esquema similar al de Brasil, donde vienen aumentando el corte de combustibles f\u00f3siles. Para que haya m\u00e1s producci\u00f3n de biodiesel debemos fijarlo en un m\u00ednimo del 10 % y llevarlo a un 14 % en 2024 y a un 15 % en 2025. El mundo va en este camino y no podemos permitir que Argentina retroceda\u201d, afirm\u00f3 el ministro.<br>Por otro lado, remarc\u00f3 que \u201ctiene que ser una reforma que contemple a todos pero en defensa de las industrias que ya est\u00e1n dentro del mercado, y sin sumar el impuesto que le cobran a las petroleras porque el biocombustible es no contaminante\u201d remarc\u00f3, y agreg\u00f3 \u201cSanta Fe tiene 19 plantas, representa el 82% de la producci\u00f3n de biodiesel, genera empleo y valor agregado. Hay industrias que han hecho inversiones con un marco legal que las proteg\u00eda hasta 2030; no se puede cambiar las reglas de juego\u201d.<\/p>\n\n\n\n<p>Otras preocupaciones<\/p>\n\n\n\n<p>Por otro lado, el ministro llevar\u00e1 a la reuni\u00f3n planteos relacionados a contemplar como econom\u00eda regional a la industria del ma\u00edz pisingallo \u201cque tiene 9 plantas en Santa Fe y que exporta el 95% de su producci\u00f3n\u201d. Aplicarle una retenci\u00f3n del 15 % \u201clas har\u00e1 quedar fuera del mercado internacional, perdiendo adem\u00e1s capacidad de inversi\u00f3n e innovaci\u00f3n\u201d.<br>En el mismo sentido, Puccini plantea que \u201cno se apliquen retenciones a la industria del algod\u00f3n\u201d, con fuerte desarrollo en el norte santafesino, donde concentra en tres departamentos casi la totalidad de la producci\u00f3n algodonera provincial: 9 de Julio con casi el 80%, General Obligado 10% y Vera 9%. \u201cUna retenci\u00f3n del 15 % la pondr\u00eda en desventaja frente a otros cultivos y provocar\u00eda una ca\u00edda de la superficie del textil, conllevando una baja notable de la econom\u00eda en las provincias productoras\u201d, afirm\u00f3 el ministro de Pullaro.<br>Se suma a estas actividades la harina de trigo, que hasta el d\u00eda de hoy ten\u00eda retenci\u00f3n cero. \u201cRepresentantes de la industria molinera de la provincia nos plantean que si se aplican retenciones corren riesgo los mercados internacionales. Lo sabemos: si pierden esos mercados es imposible recuperarlos\u201d, destac\u00f3.<\/p>\n\n\n\n<figure class=\"wp-block-image size-large\"><img loading=\"lazy\" decoding=\"async\" width=\"1024\" height=\"768\" src=\"https:\/\/www.noticiasmas.com.ar\/wp-content\/uploads\/2024\/01\/biocombustibles-1-1024x768.jpg\" alt=\"\" class=\"wp-image-2352\" srcset=\"https:\/\/www.noticiasmas.com.ar\/wp-content\/uploads\/2024\/01\/biocombustibles-1-1024x768.jpg 1024w, https:\/\/www.noticiasmas.com.ar\/wp-content\/uploads\/2024\/01\/biocombustibles-1-300x225.jpg 300w, https:\/\/www.noticiasmas.com.ar\/wp-content\/uploads\/2024\/01\/biocombustibles-1-768x576.jpg 768w, https:\/\/www.noticiasmas.com.ar\/wp-content\/uploads\/2024\/01\/biocombustibles-1-150x112.jpg 150w, https:\/\/www.noticiasmas.com.ar\/wp-content\/uploads\/2024\/01\/biocombustibles-1-696x522.jpg 696w, https:\/\/www.noticiasmas.com.ar\/wp-content\/uploads\/2024\/01\/biocombustibles-1-1068x801.jpg 1068w, https:\/\/www.noticiasmas.com.ar\/wp-content\/uploads\/2024\/01\/biocombustibles-1-265x198.jpg 265w, https:\/\/www.noticiasmas.com.ar\/wp-content\/uploads\/2024\/01\/biocombustibles-1.jpg 1230w\" sizes=\"auto, (max-width: 1024px) 100vw, 1024px\" \/><\/figure>\n\n\n\n<p>Defender a la Santa Fe productiva<\/p>\n\n\n\n<p>\u201cQueremos convocarlos a construir una posici\u00f3n conjunta respecto a una serie de iniciativas incluidas en el proyecto de Ley \u00d3mnibus que present\u00f3 el Ejecutivo Nacional al Congreso y que impactan de lleno en el mundo de la producci\u00f3n de la provincia de Santa Fe\u201d, comienza la carta que lleva la firma del ministro Puccini y que fue enviada a legisladores nacionales santafesinos. Remarca que \u201cel proyecto dispone una abrupta desregulaci\u00f3n de la industria de los biocombustibles\u201d y que, en contraposici\u00f3n, \u201cdesde Santa Fe pretendemos una industria bioenerg\u00e9tica diversificada, desconcentrada en sus actores para mayor resiliencia y seguridad energ\u00e9tica\u201d.<br>\u201cEn este contexto, consideramos esencial discutir y construir una posici\u00f3n conjunta que contemple los intereses productivos y comerciales de la provincia de Santa Fe\u201d, remata.<\/p>\n\n\n\n<p>Econom\u00edas regionales<\/p>\n\n\n\n<p>En este contexto, el ministro Puccini visit\u00f3 esta semana una planta de biodiesel y una empresa productora de ma\u00edz pisingallo.<br>En Sa Pereira recorri\u00f3 Doble L. Bioenerg\u00edas, planta productora de biodiesel refinado. All\u00ed, junto a referentes de la empresa dialogaron en torno a c\u00f3mo impactan las modificaciones propuestas a la Ley de Biocombustibles.<br>Puccini visit\u00f3 tambi\u00e9n en Uranga la empresa Trading, que se dedica a la producci\u00f3n de ma\u00edz pisingallo en todo su proceso -cultivo, empaquetado y exportaci\u00f3n-. Es una de las nueve plantas de ma\u00edz pisingallo con las que cuenta la provincia de Santa Fe. Al respecto, insisti\u00f3 que \u201cdebe ser considerada econom\u00eda regional y quedar exenta del gravamen\u201d.<\/p>\n","protected":false},"excerpt":{"rendered":"<p>El ministro de Desarrollo Productivo, Gustavo Puccini, junto a la vicegobernadora Gisela Scaglia, mantendr\u00e1n un encuentro con el ministro del Interior de la Naci\u00f3n en Buenos Aires este lunes. La reuni\u00f3n servir\u00e1 para plantear la mirada santafesina en torno a la Ley de Biocombustibles. D\u00edas atr\u00e1s el Gobierno de Maximiliano Pullaro envi\u00f3 una carta a [&hellip;]<\/p>\n","protected":false},"author":5,"featured_media":2353,"comment_status":"closed","ping_status":"open","sticky":false,"template":"","format":"standard","meta":{"tdm_status":"","tdm_grid_status":"","footnotes":""},"categories":[14],"tags":[986,611,18],"class_list":{"0":"post-2351","1":"post","2":"type-post","3":"status-publish","4":"format-standard","5":"has-post-thumbnail","7":"category-provinciales","8":"tag-biocombustibles","9":"tag-casa-rosada","10":"tag-santa-fe"},"_links":{"self":[{"href":"https:\/\/www.noticiasmas.com.ar\/index.php\/wp-json\/wp\/v2\/posts\/2351","targetHints":{"allow":["GET"]}}],"collection":[{"href":"https:\/\/www.noticiasmas.com.ar\/index.php\/wp-json\/wp\/v2\/posts"}],"about":[{"href":"https:\/\/www.noticiasmas.com.ar\/index.php\/wp-json\/wp\/v2\/types\/post"}],"author":[{"embeddable":true,"href":"https:\/\/www.noticiasmas.com.ar\/index.php\/wp-json\/wp\/v2\/users\/5"}],"replies":[{"embeddable":true,"href":"https:\/\/www.noticiasmas.com.ar\/index.php\/wp-json\/wp\/v2\/comments?post=2351"}],"version-history":[{"count":1,"href":"https:\/\/www.noticiasmas.com.ar\/index.php\/wp-json\/wp\/v2\/posts\/2351\/revisions"}],"predecessor-version":[{"id":2354,"href":"https:\/\/www.noticiasmas.com.ar\/index.php\/wp-json\/wp\/v2\/posts\/2351\/revisions\/2354"}],"wp:featuredmedia":[{"embeddable":true,"href":"https:\/\/www.noticiasmas.com.ar\/index.php\/wp-json\/wp\/v2\/media\/2353"}],"wp:attachment":[{"href":"https:\/\/www.noticiasmas.com.ar\/index.php\/wp-json\/wp\/v2\/media?parent=2351"}],"wp:term":[{"taxonomy":"category","embeddable":true,"href":"https:\/\/www.noticiasmas.com.ar\/index.php\/wp-json\/wp\/v2\/categories?post=2351"},{"taxonomy":"post_tag","embeddable":true,"href":"https:\/\/www.noticiasmas.com.ar\/index.php\/wp-json\/wp\/v2\/tags?post=2351"}],"curies":[{"name":"wp","href":"https:\/\/api.w.org\/{rel}","templated":true}]}}