{"id":2384,"date":"2024-01-08T10:35:25","date_gmt":"2024-01-08T13:35:25","guid":{"rendered":"https:\/\/www.noticiasmas.com.ar\/?p=2384"},"modified":"2024-01-08T10:35:26","modified_gmt":"2024-01-08T13:35:26","slug":"nuevas-autoridades-visitaron-la-cooperativa-portuaria-de-puerto-san-martin","status":"publish","type":"post","link":"https:\/\/www.noticiasmas.com.ar\/index.php\/2024\/01\/08\/nuevas-autoridades-visitaron-la-cooperativa-portuaria-de-puerto-san-martin\/","title":{"rendered":"NUEVAS AUTORIDADES VISITARON LA COOPERATIVA PORTUARIA DE PUERTO SAN MART\u00cdN"},"content":{"rendered":"\n<p>Las autoridades de la Cooperativa Portuaria de Puerto General San Mart\u00edn, recibieron la visita de la nueva Secretaria de Transporte de la Provincia de Santa Fe, Renata Ghilotti, el Secretario de Infraestructura productiva, Mauricio Basso y del Director de Infraestructura Portuaria, Santiago Carloni.<\/p>\n\n\n\n<p>La misma se dio, a fin de que las autoridades presentes tomaran conocimiento sobre las problem\u00e1ticas locales de las ciudades portuarias y los futuros impactos de la Hidrovia en la regi\u00f3n.<\/p>\n\n\n\n<p>De la misma participaron representantes de entidades sindicales, como as\u00ed tambi\u00e9n empresarios de la regi\u00f3n.<\/p>\n\n\n\n<p>En la reuni\u00f3n se intercambiaron ideas, proyectos, visiones y las partes se comprometieron a trabajar de manera mancomunada para defender los intereses de la Provincia en la Naci\u00f3n.<\/p>\n\n\n\n<p>Jos\u00e9 Mar\u00eda Ram\u00f3n, representante de la Cooperativa Portuaria nos manifest\u00f3 que: \u201cfue una reuni\u00f3n muy productiva, donde desde el gobierno provincial escucharon las problem\u00e1ticas del sector y se pusieron a disposici\u00f3n para trabajar las mismas de manera conjunta\u201d.<br>\u201cSe plante\u00f3 abordar con las autoridades competentes un plan de seguridad para los puertos y sus localidades, como as\u00ed tambi\u00e9n la mejora de infraestructura vial y ferroviaria para la regi\u00f3n\u201d, cerr\u00f3 Jos\u00e9 Mar\u00eda Ram\u00f3n.<\/p>\n","protected":false},"excerpt":{"rendered":"<p>Las autoridades de la Cooperativa Portuaria de Puerto General San Mart\u00edn, recibieron la visita de la nueva Secretaria de Transporte de la Provincia de Santa Fe, Renata Ghilotti, el Secretario de Infraestructura productiva, Mauricio Basso y del Director de Infraestructura Portuaria, Santiago Carloni. La misma se dio, a fin de que las autoridades presentes tomaran [&hellip;]<\/p>\n","protected":false},"author":5,"featured_media":2385,"comment_status":"closed","ping_status":"open","sticky":false,"template":"","format":"standard","meta":{"tdm_status":"","tdm_grid_status":"","footnotes":""},"categories":[13],"tags":[996,62,687],"class_list":{"0":"post-2384","1":"post","2":"type-post","3":"status-publish","4":"format-standard","5":"has-post-thumbnail","7":"category-region","8":"tag-cooperativa-portuaria","9":"tag-hidrovia","10":"tag-secretaria-de-transporte"},"_links":{"self":[{"href":"https:\/\/www.noticiasmas.com.ar\/index.php\/wp-json\/wp\/v2\/posts\/2384","targetHints":{"allow":["GET"]}}],"collection":[{"href":"https:\/\/www.noticiasmas.com.ar\/index.php\/wp-json\/wp\/v2\/posts"}],"about":[{"href":"https:\/\/www.noticiasmas.com.ar\/index.php\/wp-json\/wp\/v2\/types\/post"}],"author":[{"embeddable":true,"href":"https:\/\/www.noticiasmas.com.ar\/index.php\/wp-json\/wp\/v2\/users\/5"}],"replies":[{"embeddable":true,"href":"https:\/\/www.noticiasmas.com.ar\/index.php\/wp-json\/wp\/v2\/comments?post=2384"}],"version-history":[{"count":1,"href":"https:\/\/www.noticiasmas.com.ar\/index.php\/wp-json\/wp\/v2\/posts\/2384\/revisions"}],"predecessor-version":[{"id":2386,"href":"https:\/\/www.noticiasmas.com.ar\/index.php\/wp-json\/wp\/v2\/posts\/2384\/revisions\/2386"}],"wp:featuredmedia":[{"embeddable":true,"href":"https:\/\/www.noticiasmas.com.ar\/index.php\/wp-json\/wp\/v2\/media\/2385"}],"wp:attachment":[{"href":"https:\/\/www.noticiasmas.com.ar\/index.php\/wp-json\/wp\/v2\/media?parent=2384"}],"wp:term":[{"taxonomy":"category","embeddable":true,"href":"https:\/\/www.noticiasmas.com.ar\/index.php\/wp-json\/wp\/v2\/categories?post=2384"},{"taxonomy":"post_tag","embeddable":true,"href":"https:\/\/www.noticiasmas.com.ar\/index.php\/wp-json\/wp\/v2\/tags?post=2384"}],"curies":[{"name":"wp","href":"https:\/\/api.w.org\/{rel}","templated":true}]}}