{"id":2448,"date":"2024-01-08T18:51:03","date_gmt":"2024-01-08T21:51:03","guid":{"rendered":"https:\/\/www.noticiasmas.com.ar\/?p=2448"},"modified":"2024-01-08T18:51:03","modified_gmt":"2024-01-08T21:51:03","slug":"por-los-dichos-de-leda-comunicado-del-arzobispado-de-rosario","status":"publish","type":"post","link":"https:\/\/www.noticiasmas.com.ar\/index.php\/2024\/01\/08\/por-los-dichos-de-leda-comunicado-del-arzobispado-de-rosario\/","title":{"rendered":"POR LOS DICHOS DE LEDA: COMUNICADO DEL ARZOBISPADO DE ROSARIO"},"content":{"rendered":"\n<p>Ante la repercusi\u00f3n de las declaraciones que la Sra. Leda Bergonzi ha realizado a la prensa en Chile y que han tenido repercusi\u00f3n no s\u00f3lo en el vecino pa\u00eds sino tambi\u00e9n en el nuestro, acerca de que el origen del c\u00e1ncer est\u00e1 vinculado a la falta de perd\u00f3n por parte de quien lo padece, este Arzobispado de Rosario se ve en la obligaci\u00f3n de expresar ante la opini\u00f3n p\u00fablica, pero en especial ante quienes padecen la enfermedad o han perdido un ser querido a causa de ella lo siguiente:<\/p>\n\n\n\n<p>1.- La visi\u00f3n cristiana del hombre tal como est\u00e1 expresada en el texto que precede a \u00e9ste nos habla de que el hombre es una unidad bio-s\u00edquico-espiritual y que, por lo tanto, hay enfermedades espirituales que pueden afectar lo s\u00edquico o lo org\u00e1nico.<\/p>\n\n\n\n<p>2.- Lo anterior en modo alguno permite dar el salto para avalar la afirmaci\u00f3n de la se\u00f1ora Bergonzi acerca de la causa del c\u00e1ncer. Dado que, como nos ense\u00f1\u00f3 el Papa Ratzinger, la fe es amiga de la inteligencia, tenemos en cuenta que la ciencia hoy indica que no hay una \u00fanica causa que lo provoque y menos a\u00fan que la misma sea s\u00f3lo de car\u00e1cter emocional.<\/p>\n\n\n\n<p>3.- Que en consecuencia las expresiones de la Sra. Bergonzi acerca del origen del c\u00e1ncer son de su exclusiva responsabilidad y no se corresponden con la ense\u00f1anza de la Iglesia en dicha materia.<\/p>\n\n\n\n<p>4.- Expresamos nuestra cercan\u00eda a quienes puedan haberse sentido heridos por los dichos que ameritan la presente.<\/p>\n\n\n\n<p>Rosario, 8 de enero de 2024<\/p>\n","protected":false},"excerpt":{"rendered":"<p>Ante la repercusi\u00f3n de las declaraciones que la Sra. Leda Bergonzi ha realizado a la prensa en Chile y que han tenido repercusi\u00f3n no s\u00f3lo en el vecino pa\u00eds sino tambi\u00e9n en el nuestro, acerca de que el origen del c\u00e1ncer est\u00e1 vinculado a la falta de perd\u00f3n por parte de quien lo padece, este [&hellip;]<\/p>\n","protected":false},"author":5,"featured_media":2449,"comment_status":"closed","ping_status":"open","sticky":false,"template":"","format":"standard","meta":{"tdm_status":"","tdm_grid_status":"","footnotes":""},"categories":[13],"tags":[950,1018],"class_list":{"0":"post-2448","1":"post","2":"type-post","3":"status-publish","4":"format-standard","5":"has-post-thumbnail","7":"category-region","8":"tag-arzobispado","9":"tag-leda-bergonzi"},"_links":{"self":[{"href":"https:\/\/www.noticiasmas.com.ar\/index.php\/wp-json\/wp\/v2\/posts\/2448","targetHints":{"allow":["GET"]}}],"collection":[{"href":"https:\/\/www.noticiasmas.com.ar\/index.php\/wp-json\/wp\/v2\/posts"}],"about":[{"href":"https:\/\/www.noticiasmas.com.ar\/index.php\/wp-json\/wp\/v2\/types\/post"}],"author":[{"embeddable":true,"href":"https:\/\/www.noticiasmas.com.ar\/index.php\/wp-json\/wp\/v2\/users\/5"}],"replies":[{"embeddable":true,"href":"https:\/\/www.noticiasmas.com.ar\/index.php\/wp-json\/wp\/v2\/comments?post=2448"}],"version-history":[{"count":1,"href":"https:\/\/www.noticiasmas.com.ar\/index.php\/wp-json\/wp\/v2\/posts\/2448\/revisions"}],"predecessor-version":[{"id":2450,"href":"https:\/\/www.noticiasmas.com.ar\/index.php\/wp-json\/wp\/v2\/posts\/2448\/revisions\/2450"}],"wp:featuredmedia":[{"embeddable":true,"href":"https:\/\/www.noticiasmas.com.ar\/index.php\/wp-json\/wp\/v2\/media\/2449"}],"wp:attachment":[{"href":"https:\/\/www.noticiasmas.com.ar\/index.php\/wp-json\/wp\/v2\/media?parent=2448"}],"wp:term":[{"taxonomy":"category","embeddable":true,"href":"https:\/\/www.noticiasmas.com.ar\/index.php\/wp-json\/wp\/v2\/categories?post=2448"},{"taxonomy":"post_tag","embeddable":true,"href":"https:\/\/www.noticiasmas.com.ar\/index.php\/wp-json\/wp\/v2\/tags?post=2448"}],"curies":[{"name":"wp","href":"https:\/\/api.w.org\/{rel}","templated":true}]}}